{"id":828,"date":"2022-12-29T17:40:31","date_gmt":"2022-12-29T16:40:31","guid":{"rendered":"https:\/\/app.on25space.com\/manager\/workspace\/20230716195604\/?p=828"},"modified":"2024-03-03T11:03:23","modified_gmt":"2024-03-03T10:03:23","slug":"weihnachtsfeier-2022-der-spass-darf-nicht-fehlen","status":"publish","type":"post","link":"https:\/\/zonta-schwaebisch-gmuend.de\/index.php\/2022\/12\/29\/weihnachtsfeier-2022-der-spass-darf-nicht-fehlen\/","title":{"rendered":"Weihnachtsfeier 2022 &#8211; Der Spa\u00df darf nicht fehlen."},"content":{"rendered":"<p>Im Dezember fand unsere Weihnachtsfeier statt. Mit einem gemeinsamen Fr\u00fchst\u00fcck in der Stadtvilla in Schw\u00e4bisch Gm\u00fcnd konnten wir uns st\u00e4rken. Danach dann ging\u2019s weiter zu einem kulturellen Highlight: es erfolgte ein Besuch des Internationalen Schattentheater Museums \u201eschattenreich\u201c in Schw\u00e4bisch Gm\u00fcnd mit einer interessanten F\u00fchrung.<\/p>\n<p><img decoding=\"async\" class=\"lazyload alignnone wp-image-832\" src=\"https:\/\/app.on25space.com\/manager\/workspace\/20230716195604\/wp-content\/uploads\/2023\/08\/Foto2-2.jpg\" data-orig-src=\"https:\/\/app.on25space.com\/manager\/workspace\/20230716195604\/wp-content\/uploads\/2023\/08\/Foto2-2.jpg\" alt=\"\" width=\"513\" height=\"279\" srcset=\"data:image\/svg+xml,%3Csvg%20xmlns%3D%27http%3A%2F%2Fwww.w3.org%2F2000%2Fsvg%27%20width%3D%27513%27%20height%3D%27279%27%20viewBox%3D%270%200%20513%20279%27%3E%3Crect%20width%3D%27513%27%20height%3D%27279%27%20fill-opacity%3D%220%22%2F%3E%3C%2Fsvg%3E\" data-srcset=\"https:\/\/zonta-schwaebisch-gmuend.de\/wp-content\/uploads\/2023\/08\/Foto2-2-200x109.jpg 200w, https:\/\/zonta-schwaebisch-gmuend.de\/wp-content\/uploads\/2023\/08\/Foto2-2-300x163.jpg 300w, https:\/\/zonta-schwaebisch-gmuend.de\/wp-content\/uploads\/2023\/08\/Foto2-2-400x218.jpg 400w, https:\/\/zonta-schwaebisch-gmuend.de\/wp-content\/uploads\/2023\/08\/Foto2-2-500x272.jpg 500w, https:\/\/zonta-schwaebisch-gmuend.de\/wp-content\/uploads\/2023\/08\/Foto2-2-600x326.jpg 600w, https:\/\/zonta-schwaebisch-gmuend.de\/wp-content\/uploads\/2023\/08\/Foto2-2-700x381.jpg 700w, https:\/\/zonta-schwaebisch-gmuend.de\/wp-content\/uploads\/2023\/08\/Foto2-2-768x418.jpg 768w, https:\/\/zonta-schwaebisch-gmuend.de\/wp-content\/uploads\/2023\/08\/Foto2-2-800x435.jpg 800w, https:\/\/zonta-schwaebisch-gmuend.de\/wp-content\/uploads\/2023\/08\/Foto2-2-1024x557.jpg 1024w, https:\/\/zonta-schwaebisch-gmuend.de\/wp-content\/uploads\/2023\/08\/Foto2-2-1200x653.jpg 1200w, https:\/\/zonta-schwaebisch-gmuend.de\/wp-content\/uploads\/2023\/08\/Foto2-2-1536x835.jpg 1536w, https:\/\/zonta-schwaebisch-gmuend.de\/wp-content\/uploads\/2023\/08\/Foto2-2.jpg 1896w\" data-sizes=\"auto\" data-orig-sizes=\"(max-width: 513px) 100vw, 513px\" \/><\/p>\n<p>Was f\u00fcr ein wunderbares Erlebnis. Wir waren alle sehr beeindruckt von den traditionellen Figuren aus dem Fernen Osten.<\/p>\n","protected":false},"excerpt":{"rendered":"<p>Im Dezember fand unsere Weihnachtsfeier statt. Mit einem gemeinsamen Fr\u00fchst\u00fcck<\/p>\n","protected":false},"author":1,"featured_media":831,"comment_status":"open","ping_status":"open","sticky":false,"template":"","format":"standard","meta":{"footnotes":""},"categories":[42],"tags":[],"class_list":["post-828","post","type-post","status-publish","format-standard","has-post-thumbnail","hentry","category-presseevents"],"yoast_head":"<!-- This site is optimized with the Yoast SEO plugin v27.2 - https:\/\/yoast.com\/product\/yoast-seo-wordpress\/ -->\n<title>Weihnachtsfeier 2022 - Der Spa\u00df darf nicht fehlen. - Zonta Club Schw\u00e4bisch Gm\u00fcnd e.V.<\/title>\n<meta name=\"robots\" content=\"index, follow, max-snippet:-1, max-image-preview:large, max-video-preview:-1\" \/>\n<link rel=\"canonical\" href=\"https:\/\/zonta-schwaebisch-gmuend.de\/index.php\/2022\/12\/29\/weihnachtsfeier-2022-der-spass-darf-nicht-fehlen\/\" \/>\n<meta property=\"og:locale\" content=\"de_DE\" \/>\n<meta property=\"og:type\" content=\"article\" \/>\n<meta property=\"og:title\" content=\"Weihnachtsfeier 2022 - Der Spa\u00df darf nicht fehlen. - Zonta Club Schw\u00e4bisch Gm\u00fcnd e.V.\" \/>\n<meta property=\"og:description\" content=\"Im Dezember fand unsere Weihnachtsfeier statt. Mit einem gemeinsamen Fr\u00fchst\u00fcck\" \/>\n<meta property=\"og:url\" content=\"https:\/\/zonta-schwaebisch-gmuend.de\/index.php\/2022\/12\/29\/weihnachtsfeier-2022-der-spass-darf-nicht-fehlen\/\" \/>\n<meta property=\"og:site_name\" content=\"Zonta Club Schw\u00e4bisch Gm\u00fcnd e.V.\" \/>\n<meta property=\"article:published_time\" content=\"2022-12-29T16:40:31+00:00\" \/>\n<meta property=\"article:modified_time\" content=\"2024-03-03T10:03:23+00:00\" \/>\n<meta property=\"og:image\" content=\"https:\/\/zonta-schwaebisch-gmuend.de\/wp-content\/uploads\/2023\/08\/Foto1-2.jpg\" \/>\n\t<meta property=\"og:image:width\" content=\"2048\" \/>\n\t<meta property=\"og:image:height\" content=\"1315\" \/>\n\t<meta property=\"og:image:type\" content=\"image\/jpeg\" \/>\n<meta name=\"author\" content=\"admin_zontaclub\" \/>\n<meta name=\"twitter:card\" content=\"summary_large_image\" \/>\n<meta name=\"twitter:label1\" content=\"Geschrieben von\" \/>\n\t<meta name=\"twitter:data1\" content=\"admin_zontaclub\" \/>\n<script type=\"application\/ld+json\" class=\"yoast-schema-graph\">{\"@context\":\"https:\/\/schema.org\",\"@graph\":[{\"@type\":\"Article\",\"@id\":\"https:\/\/zonta-schwaebisch-gmuend.de\/index.php\/2022\/12\/29\/weihnachtsfeier-2022-der-spass-darf-nicht-fehlen\/#article\",\"isPartOf\":{\"@id\":\"https:\/\/zonta-schwaebisch-gmuend.de\/index.php\/2022\/12\/29\/weihnachtsfeier-2022-der-spass-darf-nicht-fehlen\/\"},\"author\":{\"name\":\"admin_zontaclub\",\"@id\":\"https:\/\/zonta-schwaebisch-gmuend.de\/#\/schema\/person\/0542c032b83c6bdc6691e7bc62b2f9d0\"},\"headline\":\"Weihnachtsfeier 2022 &#8211; Der Spa\u00df darf nicht fehlen.\",\"datePublished\":\"2022-12-29T16:40:31+00:00\",\"dateModified\":\"2024-03-03T10:03:23+00:00\",\"mainEntityOfPage\":{\"@id\":\"https:\/\/zonta-schwaebisch-gmuend.de\/index.php\/2022\/12\/29\/weihnachtsfeier-2022-der-spass-darf-nicht-fehlen\/\"},\"wordCount\":79,\"commentCount\":0,\"publisher\":{\"@id\":\"https:\/\/zonta-schwaebisch-gmuend.de\/#organization\"},\"image\":{\"@id\":\"https:\/\/zonta-schwaebisch-gmuend.de\/index.php\/2022\/12\/29\/weihnachtsfeier-2022-der-spass-darf-nicht-fehlen\/#primaryimage\"},\"thumbnailUrl\":\"https:\/\/zonta-schwaebisch-gmuend.de\/wp-content\/uploads\/2023\/08\/Foto1-2.jpg\",\"articleSection\":[\"PresseEvents\"],\"inLanguage\":\"de\",\"potentialAction\":[{\"@type\":\"CommentAction\",\"name\":\"Comment\",\"target\":[\"https:\/\/zonta-schwaebisch-gmuend.de\/index.php\/2022\/12\/29\/weihnachtsfeier-2022-der-spass-darf-nicht-fehlen\/#respond\"]}]},{\"@type\":\"WebPage\",\"@id\":\"https:\/\/zonta-schwaebisch-gmuend.de\/index.php\/2022\/12\/29\/weihnachtsfeier-2022-der-spass-darf-nicht-fehlen\/\",\"url\":\"https:\/\/zonta-schwaebisch-gmuend.de\/index.php\/2022\/12\/29\/weihnachtsfeier-2022-der-spass-darf-nicht-fehlen\/\",\"name\":\"Weihnachtsfeier 2022 - Der Spa\u00df darf nicht fehlen. - Zonta Club Schw\u00e4bisch Gm\u00fcnd e.V.\",\"isPartOf\":{\"@id\":\"https:\/\/zonta-schwaebisch-gmuend.de\/#website\"},\"primaryImageOfPage\":{\"@id\":\"https:\/\/zonta-schwaebisch-gmuend.de\/index.php\/2022\/12\/29\/weihnachtsfeier-2022-der-spass-darf-nicht-fehlen\/#primaryimage\"},\"image\":{\"@id\":\"https:\/\/zonta-schwaebisch-gmuend.de\/index.php\/2022\/12\/29\/weihnachtsfeier-2022-der-spass-darf-nicht-fehlen\/#primaryimage\"},\"thumbnailUrl\":\"https:\/\/zonta-schwaebisch-gmuend.de\/wp-content\/uploads\/2023\/08\/Foto1-2.jpg\",\"datePublished\":\"2022-12-29T16:40:31+00:00\",\"dateModified\":\"2024-03-03T10:03:23+00:00\",\"breadcrumb\":{\"@id\":\"https:\/\/zonta-schwaebisch-gmuend.de\/index.php\/2022\/12\/29\/weihnachtsfeier-2022-der-spass-darf-nicht-fehlen\/#breadcrumb\"},\"inLanguage\":\"de\",\"potentialAction\":[{\"@type\":\"ReadAction\",\"target\":[\"https:\/\/zonta-schwaebisch-gmuend.de\/index.php\/2022\/12\/29\/weihnachtsfeier-2022-der-spass-darf-nicht-fehlen\/\"]}]},{\"@type\":\"ImageObject\",\"inLanguage\":\"de\",\"@id\":\"https:\/\/zonta-schwaebisch-gmuend.de\/index.php\/2022\/12\/29\/weihnachtsfeier-2022-der-spass-darf-nicht-fehlen\/#primaryimage\",\"url\":\"https:\/\/zonta-schwaebisch-gmuend.de\/wp-content\/uploads\/2023\/08\/Foto1-2.jpg\",\"contentUrl\":\"https:\/\/zonta-schwaebisch-gmuend.de\/wp-content\/uploads\/2023\/08\/Foto1-2.jpg\",\"width\":2048,\"height\":1315},{\"@type\":\"BreadcrumbList\",\"@id\":\"https:\/\/zonta-schwaebisch-gmuend.de\/index.php\/2022\/12\/29\/weihnachtsfeier-2022-der-spass-darf-nicht-fehlen\/#breadcrumb\",\"itemListElement\":[{\"@type\":\"ListItem\",\"position\":1,\"name\":\"Startseite\",\"item\":\"https:\/\/zonta-schwaebisch-gmuend.de\/\"},{\"@type\":\"ListItem\",\"position\":2,\"name\":\"Weihnachtsfeier 2022 &#8211; Der Spa\u00df darf nicht fehlen.\"}]},{\"@type\":\"WebSite\",\"@id\":\"https:\/\/zonta-schwaebisch-gmuend.de\/#website\",\"url\":\"https:\/\/zonta-schwaebisch-gmuend.de\/\",\"name\":\"Zonta Club Schw\u00e4bisch Gm\u00fcnd e.V.\",\"description\":\"\",\"publisher\":{\"@id\":\"https:\/\/zonta-schwaebisch-gmuend.de\/#organization\"},\"potentialAction\":[{\"@type\":\"SearchAction\",\"target\":{\"@type\":\"EntryPoint\",\"urlTemplate\":\"https:\/\/zonta-schwaebisch-gmuend.de\/?s={search_term_string}\"},\"query-input\":{\"@type\":\"PropertyValueSpecification\",\"valueRequired\":true,\"valueName\":\"search_term_string\"}}],\"inLanguage\":\"de\"},{\"@type\":\"Organization\",\"@id\":\"https:\/\/zonta-schwaebisch-gmuend.de\/#organization\",\"name\":\"Zonta Club Schw\u00e4bisch Gm\u00fcnd e.V.\",\"url\":\"https:\/\/zonta-schwaebisch-gmuend.de\/\",\"logo\":{\"@type\":\"ImageObject\",\"inLanguage\":\"de\",\"@id\":\"https:\/\/zonta-schwaebisch-gmuend.de\/#\/schema\/logo\/image\/\",\"url\":\"https:\/\/zonta-schwaebisch-gmuend.de\/wp-content\/uploads\/2023\/08\/Zonta-Club-of-Schwaebisch-Gmuend-Logo_New-Tag_Horizontal_Color-2.png\",\"contentUrl\":\"https:\/\/zonta-schwaebisch-gmuend.de\/wp-content\/uploads\/2023\/08\/Zonta-Club-of-Schwaebisch-Gmuend-Logo_New-Tag_Horizontal_Color-2.png\",\"width\":4738,\"height\":1546,\"caption\":\"Zonta Club Schw\u00e4bisch Gm\u00fcnd e.V.\"},\"image\":{\"@id\":\"https:\/\/zonta-schwaebisch-gmuend.de\/#\/schema\/logo\/image\/\"},\"sameAs\":[\"https:\/\/www.instagram.com\/zontaschwaebischgmuend\/\"]},{\"@type\":\"Person\",\"@id\":\"https:\/\/zonta-schwaebisch-gmuend.de\/#\/schema\/person\/0542c032b83c6bdc6691e7bc62b2f9d0\",\"name\":\"admin_zontaclub\",\"image\":{\"@type\":\"ImageObject\",\"inLanguage\":\"de\",\"@id\":\"https:\/\/secure.gravatar.com\/avatar\/5ffd943222351ffe69463162abefd420742973fb1ead1a17b49317c141ecf4cc?s=96&d=mm&r=g\",\"url\":\"https:\/\/secure.gravatar.com\/avatar\/5ffd943222351ffe69463162abefd420742973fb1ead1a17b49317c141ecf4cc?s=96&d=mm&r=g\",\"contentUrl\":\"https:\/\/secure.gravatar.com\/avatar\/5ffd943222351ffe69463162abefd420742973fb1ead1a17b49317c141ecf4cc?s=96&d=mm&r=g\",\"caption\":\"admin_zontaclub\"},\"sameAs\":[\"https:\/\/app.on25space.com\/manager\/workspace\/20230716195604\"],\"url\":\"https:\/\/zonta-schwaebisch-gmuend.de\/index.php\/author\/admin_zontaclub\/\"}]}<\/script>\n<!-- \/ Yoast SEO plugin. -->","yoast_head_json":{"title":"Weihnachtsfeier 2022 - Der Spa\u00df darf nicht fehlen. - Zonta Club Schw\u00e4bisch Gm\u00fcnd e.V.","robots":{"index":"index","follow":"follow","max-snippet":"max-snippet:-1","max-image-preview":"max-image-preview:large","max-video-preview":"max-video-preview:-1"},"canonical":"https:\/\/zonta-schwaebisch-gmuend.de\/index.php\/2022\/12\/29\/weihnachtsfeier-2022-der-spass-darf-nicht-fehlen\/","og_locale":"de_DE","og_type":"article","og_title":"Weihnachtsfeier 2022 - Der Spa\u00df darf nicht fehlen. - Zonta Club Schw\u00e4bisch Gm\u00fcnd e.V.","og_description":"Im Dezember fand unsere Weihnachtsfeier statt. Mit einem gemeinsamen Fr\u00fchst\u00fcck","og_url":"https:\/\/zonta-schwaebisch-gmuend.de\/index.php\/2022\/12\/29\/weihnachtsfeier-2022-der-spass-darf-nicht-fehlen\/","og_site_name":"Zonta Club Schw\u00e4bisch Gm\u00fcnd e.V.","article_published_time":"2022-12-29T16:40:31+00:00","article_modified_time":"2024-03-03T10:03:23+00:00","og_image":[{"width":2048,"height":1315,"url":"https:\/\/zonta-schwaebisch-gmuend.de\/wp-content\/uploads\/2023\/08\/Foto1-2.jpg","type":"image\/jpeg"}],"author":"admin_zontaclub","twitter_card":"summary_large_image","twitter_misc":{"Geschrieben von":"admin_zontaclub"},"schema":{"@context":"https:\/\/schema.org","@graph":[{"@type":"Article","@id":"https:\/\/zonta-schwaebisch-gmuend.de\/index.php\/2022\/12\/29\/weihnachtsfeier-2022-der-spass-darf-nicht-fehlen\/#article","isPartOf":{"@id":"https:\/\/zonta-schwaebisch-gmuend.de\/index.php\/2022\/12\/29\/weihnachtsfeier-2022-der-spass-darf-nicht-fehlen\/"},"author":{"name":"admin_zontaclub","@id":"https:\/\/zonta-schwaebisch-gmuend.de\/#\/schema\/person\/0542c032b83c6bdc6691e7bc62b2f9d0"},"headline":"Weihnachtsfeier 2022 &#8211; Der Spa\u00df darf nicht fehlen.","datePublished":"2022-12-29T16:40:31+00:00","dateModified":"2024-03-03T10:03:23+00:00","mainEntityOfPage":{"@id":"https:\/\/zonta-schwaebisch-gmuend.de\/index.php\/2022\/12\/29\/weihnachtsfeier-2022-der-spass-darf-nicht-fehlen\/"},"wordCount":79,"commentCount":0,"publisher":{"@id":"https:\/\/zonta-schwaebisch-gmuend.de\/#organization"},"image":{"@id":"https:\/\/zonta-schwaebisch-gmuend.de\/index.php\/2022\/12\/29\/weihnachtsfeier-2022-der-spass-darf-nicht-fehlen\/#primaryimage"},"thumbnailUrl":"https:\/\/zonta-schwaebisch-gmuend.de\/wp-content\/uploads\/2023\/08\/Foto1-2.jpg","articleSection":["PresseEvents"],"inLanguage":"de","potentialAction":[{"@type":"CommentAction","name":"Comment","target":["https:\/\/zonta-schwaebisch-gmuend.de\/index.php\/2022\/12\/29\/weihnachtsfeier-2022-der-spass-darf-nicht-fehlen\/#respond"]}]},{"@type":"WebPage","@id":"https:\/\/zonta-schwaebisch-gmuend.de\/index.php\/2022\/12\/29\/weihnachtsfeier-2022-der-spass-darf-nicht-fehlen\/","url":"https:\/\/zonta-schwaebisch-gmuend.de\/index.php\/2022\/12\/29\/weihnachtsfeier-2022-der-spass-darf-nicht-fehlen\/","name":"Weihnachtsfeier 2022 - Der Spa\u00df darf nicht fehlen. - Zonta Club Schw\u00e4bisch Gm\u00fcnd e.V.","isPartOf":{"@id":"https:\/\/zonta-schwaebisch-gmuend.de\/#website"},"primaryImageOfPage":{"@id":"https:\/\/zonta-schwaebisch-gmuend.de\/index.php\/2022\/12\/29\/weihnachtsfeier-2022-der-spass-darf-nicht-fehlen\/#primaryimage"},"image":{"@id":"https:\/\/zonta-schwaebisch-gmuend.de\/index.php\/2022\/12\/29\/weihnachtsfeier-2022-der-spass-darf-nicht-fehlen\/#primaryimage"},"thumbnailUrl":"https:\/\/zonta-schwaebisch-gmuend.de\/wp-content\/uploads\/2023\/08\/Foto1-2.jpg","datePublished":"2022-12-29T16:40:31+00:00","dateModified":"2024-03-03T10:03:23+00:00","breadcrumb":{"@id":"https:\/\/zonta-schwaebisch-gmuend.de\/index.php\/2022\/12\/29\/weihnachtsfeier-2022-der-spass-darf-nicht-fehlen\/#breadcrumb"},"inLanguage":"de","potentialAction":[{"@type":"ReadAction","target":["https:\/\/zonta-schwaebisch-gmuend.de\/index.php\/2022\/12\/29\/weihnachtsfeier-2022-der-spass-darf-nicht-fehlen\/"]}]},{"@type":"ImageObject","inLanguage":"de","@id":"https:\/\/zonta-schwaebisch-gmuend.de\/index.php\/2022\/12\/29\/weihnachtsfeier-2022-der-spass-darf-nicht-fehlen\/#primaryimage","url":"https:\/\/zonta-schwaebisch-gmuend.de\/wp-content\/uploads\/2023\/08\/Foto1-2.jpg","contentUrl":"https:\/\/zonta-schwaebisch-gmuend.de\/wp-content\/uploads\/2023\/08\/Foto1-2.jpg","width":2048,"height":1315},{"@type":"BreadcrumbList","@id":"https:\/\/zonta-schwaebisch-gmuend.de\/index.php\/2022\/12\/29\/weihnachtsfeier-2022-der-spass-darf-nicht-fehlen\/#breadcrumb","itemListElement":[{"@type":"ListItem","position":1,"name":"Startseite","item":"https:\/\/zonta-schwaebisch-gmuend.de\/"},{"@type":"ListItem","position":2,"name":"Weihnachtsfeier 2022 &#8211; Der Spa\u00df darf nicht fehlen."}]},{"@type":"WebSite","@id":"https:\/\/zonta-schwaebisch-gmuend.de\/#website","url":"https:\/\/zonta-schwaebisch-gmuend.de\/","name":"Zonta Club Schw\u00e4bisch Gm\u00fcnd e.V.","description":"","publisher":{"@id":"https:\/\/zonta-schwaebisch-gmuend.de\/#organization"},"potentialAction":[{"@type":"SearchAction","target":{"@type":"EntryPoint","urlTemplate":"https:\/\/zonta-schwaebisch-gmuend.de\/?s={search_term_string}"},"query-input":{"@type":"PropertyValueSpecification","valueRequired":true,"valueName":"search_term_string"}}],"inLanguage":"de"},{"@type":"Organization","@id":"https:\/\/zonta-schwaebisch-gmuend.de\/#organization","name":"Zonta Club Schw\u00e4bisch Gm\u00fcnd e.V.","url":"https:\/\/zonta-schwaebisch-gmuend.de\/","logo":{"@type":"ImageObject","inLanguage":"de","@id":"https:\/\/zonta-schwaebisch-gmuend.de\/#\/schema\/logo\/image\/","url":"https:\/\/zonta-schwaebisch-gmuend.de\/wp-content\/uploads\/2023\/08\/Zonta-Club-of-Schwaebisch-Gmuend-Logo_New-Tag_Horizontal_Color-2.png","contentUrl":"https:\/\/zonta-schwaebisch-gmuend.de\/wp-content\/uploads\/2023\/08\/Zonta-Club-of-Schwaebisch-Gmuend-Logo_New-Tag_Horizontal_Color-2.png","width":4738,"height":1546,"caption":"Zonta Club Schw\u00e4bisch Gm\u00fcnd e.V."},"image":{"@id":"https:\/\/zonta-schwaebisch-gmuend.de\/#\/schema\/logo\/image\/"},"sameAs":["https:\/\/www.instagram.com\/zontaschwaebischgmuend\/"]},{"@type":"Person","@id":"https:\/\/zonta-schwaebisch-gmuend.de\/#\/schema\/person\/0542c032b83c6bdc6691e7bc62b2f9d0","name":"admin_zontaclub","image":{"@type":"ImageObject","inLanguage":"de","@id":"https:\/\/secure.gravatar.com\/avatar\/5ffd943222351ffe69463162abefd420742973fb1ead1a17b49317c141ecf4cc?s=96&d=mm&r=g","url":"https:\/\/secure.gravatar.com\/avatar\/5ffd943222351ffe69463162abefd420742973fb1ead1a17b49317c141ecf4cc?s=96&d=mm&r=g","contentUrl":"https:\/\/secure.gravatar.com\/avatar\/5ffd943222351ffe69463162abefd420742973fb1ead1a17b49317c141ecf4cc?s=96&d=mm&r=g","caption":"admin_zontaclub"},"sameAs":["https:\/\/app.on25space.com\/manager\/workspace\/20230716195604"],"url":"https:\/\/zonta-schwaebisch-gmuend.de\/index.php\/author\/admin_zontaclub\/"}]}},"_links":{"self":[{"href":"https:\/\/zonta-schwaebisch-gmuend.de\/index.php\/wp-json\/wp\/v2\/posts\/828","targetHints":{"allow":["GET"]}}],"collection":[{"href":"https:\/\/zonta-schwaebisch-gmuend.de\/index.php\/wp-json\/wp\/v2\/posts"}],"about":[{"href":"https:\/\/zonta-schwaebisch-gmuend.de\/index.php\/wp-json\/wp\/v2\/types\/post"}],"author":[{"embeddable":true,"href":"https:\/\/zonta-schwaebisch-gmuend.de\/index.php\/wp-json\/wp\/v2\/users\/1"}],"replies":[{"embeddable":true,"href":"https:\/\/zonta-schwaebisch-gmuend.de\/index.php\/wp-json\/wp\/v2\/comments?post=828"}],"version-history":[{"count":1,"href":"https:\/\/zonta-schwaebisch-gmuend.de\/index.php\/wp-json\/wp\/v2\/posts\/828\/revisions"}],"predecessor-version":[{"id":833,"href":"https:\/\/zonta-schwaebisch-gmuend.de\/index.php\/wp-json\/wp\/v2\/posts\/828\/revisions\/833"}],"wp:featuredmedia":[{"embeddable":true,"href":"https:\/\/zonta-schwaebisch-gmuend.de\/index.php\/wp-json\/wp\/v2\/media\/831"}],"wp:attachment":[{"href":"https:\/\/zonta-schwaebisch-gmuend.de\/index.php\/wp-json\/wp\/v2\/media?parent=828"}],"wp:term":[{"taxonomy":"category","embeddable":true,"href":"https:\/\/zonta-schwaebisch-gmuend.de\/index.php\/wp-json\/wp\/v2\/categories?post=828"},{"taxonomy":"post_tag","embeddable":true,"href":"https:\/\/zonta-schwaebisch-gmuend.de\/index.php\/wp-json\/wp\/v2\/tags?post=828"}],"curies":[{"name":"wp","href":"https:\/\/api.w.org\/{rel}","templated":true}]}}