{"id":1737,"date":"2026-03-09T19:29:11","date_gmt":"2026-03-09T18:29:11","guid":{"rendered":"https:\/\/zonta-schwaebisch-gmuend.de\/?p=1737"},"modified":"2026-03-09T19:35:23","modified_gmt":"2026-03-09T18:35:23","slug":"20-jahre-zonta-club-schwaebisch-gmuend-matinee-mit-klarem-zeichen-gegen-gewalt-an-frauen","status":"publish","type":"post","link":"https:\/\/zonta-schwaebisch-gmuend.de\/index.php\/2026\/03\/09\/20-jahre-zonta-club-schwaebisch-gmuend-matinee-mit-klarem-zeichen-gegen-gewalt-an-frauen\/","title":{"rendered":"20 Jahre Zonta-Club Schw\u00e4bisch Gm\u00fcnd \u2013 Matinee mit klarem Zeichen gegen Gewalt an Frauen"},"content":{"rendered":"<p>Unser Zonta-Club Schw\u00e4bisch Gm\u00fcnd feierte mit einer festlichen Matinee das 20-j\u00e4hrige Bestehen des Clubs. Gleichzeitig wollten wir ein sichtbares Zeichen gegen Gewalt an Frauen setzen. Eine rote Bank, die k\u00fcnftig vor der Volkshochschule Schw\u00e4bisch Gm\u00fcnd aufgestellt wird, soll auf Hilfsangebote aufmerksam machen und Betroffenen Mut geben, Unterst\u00fctzung in Anspruch zu nehmen.<\/p>\n<p>Gefeiert haben wir unsere Matinee im Caf\u00e9 Spitalm\u00fchle. Wir freuten uns sehr \u00fcber zahlreiche G\u00e4ste, darunter Carmen Nerding, designierte Pr\u00e4sidentin des Zonta-Distrikts 30, Elke Heer, Beauftragte f\u00fcr Chancengleichheit der Stadt und Vorsitzende des Kreisfrauenrats, Rita Mager sowie Richard Arnold. Ebenso begr\u00fc\u00dften wir Vertreterinnen und Vertreter befreundeter Clubs und Einrichtungen.<\/p>\n<p>In ihrer Ansprache erinnerte unsere Pr\u00e4sidentin Sabine Dombrowski-Riegert an die Bedeutung unseres Engagements und an das Leitmotiv von Zonta: \u201eBuild a better world for women and girls\u201c. Der Internationale Frauentag bot daf\u00fcr einen besonders passenden Rahmen.<\/p>\n<p>Oberb\u00fcrgermeister Richard Arnold w\u00fcrdigte in seinem Gru\u00dfwort unser langj\u00e4hriges Engagement f\u00fcr Frauen und M\u00e4dchen in der Region. Carmen Nerding betonte die internationale Bedeutung von Zonta: Weltweit engagieren sich rund 25.000 Mitglieder in mehr als 60 L\u00e4ndern f\u00fcr die Rechte und Chancen von Frauen. Auch Rita Mager sprach \u00fcber das wichtige Thema h\u00e4usliche Gewalt und machte auf die hohen Zahlen betroffener Frauen aufmerksam.<\/p>\n<p>Die Versteigerung eines Bildes der K\u00fcnstlerin Gudrun Niethammer sorgte f\u00fcr lebhafte Unterhaltung und Spa\u00df. Ein herzlicher Dank gilt allen, die bei der Versteigerung mitgemacht haben. Als weiterer Programmpunkt folgte die Spenden\u00fcbergabe an Zonta International und an Frauen helfen Frauen.<\/p>\n<p>Neben den inhaltlichen Impulsen kam auch das pers\u00f6nliche Miteinander nicht zu kurz. Bei kulinarischen K\u00f6stlichkeiten und in angenehmer Atmosph\u00e4re freuten wir uns \u00fcber eine rundum gelungene Veranstaltung und ein sch\u00f6nes Jubil\u00e4um, das wir gemeinsam feiern konnten.<\/p>\n<p>Impressionen vom 8. M\u00e4rz &#8211; unserem 20-j\u00e4hrigen Jubil\u00e4um.<\/p>\n<p><img decoding=\"async\" class=\"lazyload alignnone wp-image-1738\" src=\"https:\/\/zonta-schwaebisch-gmuend.de\/wp-content\/uploads\/2026\/03\/IMG_5727-710x1024.jpg\" data-orig-src=\"https:\/\/zonta-schwaebisch-gmuend.de\/wp-content\/uploads\/2026\/03\/IMG_5727-710x1024.jpg\" alt=\"\" width=\"403\" height=\"581\" srcset=\"data:image\/svg+xml,%3Csvg%20xmlns%3D%27http%3A%2F%2Fwww.w3.org%2F2000%2Fsvg%27%20width%3D%27403%27%20height%3D%27581%27%20viewBox%3D%270%200%20403%20581%27%3E%3Crect%20width%3D%27403%27%20height%3D%27581%27%20fill-opacity%3D%220%22%2F%3E%3C%2Fsvg%3E\" data-srcset=\"https:\/\/zonta-schwaebisch-gmuend.de\/wp-content\/uploads\/2026\/03\/IMG_5727-200x288.jpg 200w, https:\/\/zonta-schwaebisch-gmuend.de\/wp-content\/uploads\/2026\/03\/IMG_5727-208x300.jpg 208w, https:\/\/zonta-schwaebisch-gmuend.de\/wp-content\/uploads\/2026\/03\/IMG_5727-400x577.jpg 400w, https:\/\/zonta-schwaebisch-gmuend.de\/wp-content\/uploads\/2026\/03\/IMG_5727-600x865.jpg 600w, https:\/\/zonta-schwaebisch-gmuend.de\/wp-content\/uploads\/2026\/03\/IMG_5727-710x1024.jpg 710w, https:\/\/zonta-schwaebisch-gmuend.de\/wp-content\/uploads\/2026\/03\/IMG_5727-768x1107.jpg 768w, https:\/\/zonta-schwaebisch-gmuend.de\/wp-content\/uploads\/2026\/03\/IMG_5727-800x1153.jpg 800w, https:\/\/zonta-schwaebisch-gmuend.de\/wp-content\/uploads\/2026\/03\/IMG_5727.jpg 888w\" data-sizes=\"auto\" data-orig-sizes=\"(max-width: 403px) 100vw, 403px\" \/><img decoding=\"async\" class=\"lazyload wp-image-1739 alignleft\" src=\"https:\/\/zonta-schwaebisch-gmuend.de\/wp-content\/uploads\/2026\/03\/IMG_5729-706x1024.jpg\" data-orig-src=\"https:\/\/zonta-schwaebisch-gmuend.de\/wp-content\/uploads\/2026\/03\/IMG_5729-706x1024.jpg\" alt=\"\" width=\"401\" height=\"582\" srcset=\"data:image\/svg+xml,%3Csvg%20xmlns%3D%27http%3A%2F%2Fwww.w3.org%2F2000%2Fsvg%27%20width%3D%27401%27%20height%3D%27582%27%20viewBox%3D%270%200%20401%20582%27%3E%3Crect%20width%3D%27401%27%20height%3D%27582%27%20fill-opacity%3D%220%22%2F%3E%3C%2Fsvg%3E\" data-srcset=\"https:\/\/zonta-schwaebisch-gmuend.de\/wp-content\/uploads\/2026\/03\/IMG_5729-200x290.jpg 200w, https:\/\/zonta-schwaebisch-gmuend.de\/wp-content\/uploads\/2026\/03\/IMG_5729-207x300.jpg 207w, https:\/\/zonta-schwaebisch-gmuend.de\/wp-content\/uploads\/2026\/03\/IMG_5729-400x580.jpg 400w, https:\/\/zonta-schwaebisch-gmuend.de\/wp-content\/uploads\/2026\/03\/IMG_5729-600x871.jpg 600w, https:\/\/zonta-schwaebisch-gmuend.de\/wp-content\/uploads\/2026\/03\/IMG_5729-706x1024.jpg 706w, https:\/\/zonta-schwaebisch-gmuend.de\/wp-content\/uploads\/2026\/03\/IMG_5729-768x1115.jpg 768w, https:\/\/zonta-schwaebisch-gmuend.de\/wp-content\/uploads\/2026\/03\/IMG_5729-800x1161.jpg 800w, https:\/\/zonta-schwaebisch-gmuend.de\/wp-content\/uploads\/2026\/03\/IMG_5729.jpg 882w\" data-sizes=\"auto\" data-orig-sizes=\"(max-width: 401px) 100vw, 401px\" \/><\/p>\n","protected":false},"excerpt":{"rendered":"<p>Unser Zonta-Club Schw\u00e4bisch Gm\u00fcnd feierte mit einer festlichen Matinee das<\/p>\n","protected":false},"author":2,"featured_media":0,"comment_status":"open","ping_status":"open","sticky":false,"template":"","format":"standard","meta":{"footnotes":""},"categories":[42],"tags":[],"class_list":["post-1737","post","type-post","status-publish","format-standard","hentry","category-presseevents"],"yoast_head":"<!-- This site is optimized with the Yoast SEO plugin v27.2 - https:\/\/yoast.com\/product\/yoast-seo-wordpress\/ -->\n<title>20 Jahre Zonta-Club Schw\u00e4bisch Gm\u00fcnd \u2013 Matinee mit klarem Zeichen gegen Gewalt an Frauen - Zonta Club Schw\u00e4bisch Gm\u00fcnd e.V.<\/title>\n<meta name=\"robots\" content=\"index, follow, max-snippet:-1, max-image-preview:large, max-video-preview:-1\" \/>\n<link rel=\"canonical\" href=\"https:\/\/zonta-schwaebisch-gmuend.de\/index.php\/2026\/03\/09\/20-jahre-zonta-club-schwaebisch-gmuend-matinee-mit-klarem-zeichen-gegen-gewalt-an-frauen\/\" \/>\n<meta property=\"og:locale\" content=\"de_DE\" \/>\n<meta property=\"og:type\" content=\"article\" \/>\n<meta property=\"og:title\" content=\"20 Jahre Zonta-Club Schw\u00e4bisch Gm\u00fcnd \u2013 Matinee mit klarem Zeichen gegen Gewalt an Frauen - Zonta Club Schw\u00e4bisch Gm\u00fcnd e.V.\" \/>\n<meta property=\"og:description\" content=\"Unser Zonta-Club Schw\u00e4bisch Gm\u00fcnd feierte mit einer festlichen Matinee das\" \/>\n<meta property=\"og:url\" content=\"https:\/\/zonta-schwaebisch-gmuend.de\/index.php\/2026\/03\/09\/20-jahre-zonta-club-schwaebisch-gmuend-matinee-mit-klarem-zeichen-gegen-gewalt-an-frauen\/\" \/>\n<meta property=\"og:site_name\" content=\"Zonta Club Schw\u00e4bisch Gm\u00fcnd e.V.\" \/>\n<meta property=\"article:published_time\" content=\"2026-03-09T18:29:11+00:00\" \/>\n<meta property=\"article:modified_time\" content=\"2026-03-09T18:35:23+00:00\" \/>\n<meta property=\"og:image\" content=\"https:\/\/zonta-schwaebisch-gmuend.de\/wp-content\/uploads\/2026\/03\/IMG_5727.jpg\" \/>\n\t<meta property=\"og:image:width\" content=\"888\" \/>\n\t<meta property=\"og:image:height\" content=\"1280\" \/>\n\t<meta property=\"og:image:type\" content=\"image\/jpeg\" \/>\n<meta name=\"author\" content=\"Claudia Langenbacher\" \/>\n<meta name=\"twitter:card\" content=\"summary_large_image\" \/>\n<meta name=\"twitter:label1\" content=\"Geschrieben von\" \/>\n\t<meta name=\"twitter:data1\" content=\"Claudia Langenbacher\" \/>\n\t<meta name=\"twitter:label2\" content=\"Gesch\u00e4tzte Lesezeit\" \/>\n\t<meta name=\"twitter:data2\" content=\"2\u00a0Minuten\" \/>\n<script type=\"application\/ld+json\" class=\"yoast-schema-graph\">{\"@context\":\"https:\/\/schema.org\",\"@graph\":[{\"@type\":\"Article\",\"@id\":\"https:\/\/zonta-schwaebisch-gmuend.de\/index.php\/2026\/03\/09\/20-jahre-zonta-club-schwaebisch-gmuend-matinee-mit-klarem-zeichen-gegen-gewalt-an-frauen\/#article\",\"isPartOf\":{\"@id\":\"https:\/\/zonta-schwaebisch-gmuend.de\/index.php\/2026\/03\/09\/20-jahre-zonta-club-schwaebisch-gmuend-matinee-mit-klarem-zeichen-gegen-gewalt-an-frauen\/\"},\"author\":{\"name\":\"Claudia Langenbacher\",\"@id\":\"https:\/\/zonta-schwaebisch-gmuend.de\/#\/schema\/person\/df9e2767c1e8e3e8466de6226364e48b\"},\"headline\":\"20 Jahre Zonta-Club Schw\u00e4bisch Gm\u00fcnd \u2013 Matinee mit klarem Zeichen gegen Gewalt an Frauen\",\"datePublished\":\"2026-03-09T18:29:11+00:00\",\"dateModified\":\"2026-03-09T18:35:23+00:00\",\"mainEntityOfPage\":{\"@id\":\"https:\/\/zonta-schwaebisch-gmuend.de\/index.php\/2026\/03\/09\/20-jahre-zonta-club-schwaebisch-gmuend-matinee-mit-klarem-zeichen-gegen-gewalt-an-frauen\/\"},\"wordCount\":325,\"commentCount\":0,\"publisher\":{\"@id\":\"https:\/\/zonta-schwaebisch-gmuend.de\/#organization\"},\"image\":{\"@id\":\"https:\/\/zonta-schwaebisch-gmuend.de\/index.php\/2026\/03\/09\/20-jahre-zonta-club-schwaebisch-gmuend-matinee-mit-klarem-zeichen-gegen-gewalt-an-frauen\/#primaryimage\"},\"thumbnailUrl\":\"https:\/\/zonta-schwaebisch-gmuend.de\/wp-content\/uploads\/2026\/03\/IMG_5727-710x1024.jpg\",\"articleSection\":[\"PresseEvents\"],\"inLanguage\":\"de\",\"potentialAction\":[{\"@type\":\"CommentAction\",\"name\":\"Comment\",\"target\":[\"https:\/\/zonta-schwaebisch-gmuend.de\/index.php\/2026\/03\/09\/20-jahre-zonta-club-schwaebisch-gmuend-matinee-mit-klarem-zeichen-gegen-gewalt-an-frauen\/#respond\"]}]},{\"@type\":\"WebPage\",\"@id\":\"https:\/\/zonta-schwaebisch-gmuend.de\/index.php\/2026\/03\/09\/20-jahre-zonta-club-schwaebisch-gmuend-matinee-mit-klarem-zeichen-gegen-gewalt-an-frauen\/\",\"url\":\"https:\/\/zonta-schwaebisch-gmuend.de\/index.php\/2026\/03\/09\/20-jahre-zonta-club-schwaebisch-gmuend-matinee-mit-klarem-zeichen-gegen-gewalt-an-frauen\/\",\"name\":\"20 Jahre Zonta-Club Schw\u00e4bisch Gm\u00fcnd \u2013 Matinee mit klarem Zeichen gegen Gewalt an Frauen - Zonta Club Schw\u00e4bisch Gm\u00fcnd e.V.\",\"isPartOf\":{\"@id\":\"https:\/\/zonta-schwaebisch-gmuend.de\/#website\"},\"primaryImageOfPage\":{\"@id\":\"https:\/\/zonta-schwaebisch-gmuend.de\/index.php\/2026\/03\/09\/20-jahre-zonta-club-schwaebisch-gmuend-matinee-mit-klarem-zeichen-gegen-gewalt-an-frauen\/#primaryimage\"},\"image\":{\"@id\":\"https:\/\/zonta-schwaebisch-gmuend.de\/index.php\/2026\/03\/09\/20-jahre-zonta-club-schwaebisch-gmuend-matinee-mit-klarem-zeichen-gegen-gewalt-an-frauen\/#primaryimage\"},\"thumbnailUrl\":\"https:\/\/zonta-schwaebisch-gmuend.de\/wp-content\/uploads\/2026\/03\/IMG_5727-710x1024.jpg\",\"datePublished\":\"2026-03-09T18:29:11+00:00\",\"dateModified\":\"2026-03-09T18:35:23+00:00\",\"breadcrumb\":{\"@id\":\"https:\/\/zonta-schwaebisch-gmuend.de\/index.php\/2026\/03\/09\/20-jahre-zonta-club-schwaebisch-gmuend-matinee-mit-klarem-zeichen-gegen-gewalt-an-frauen\/#breadcrumb\"},\"inLanguage\":\"de\",\"potentialAction\":[{\"@type\":\"ReadAction\",\"target\":[\"https:\/\/zonta-schwaebisch-gmuend.de\/index.php\/2026\/03\/09\/20-jahre-zonta-club-schwaebisch-gmuend-matinee-mit-klarem-zeichen-gegen-gewalt-an-frauen\/\"]}]},{\"@type\":\"ImageObject\",\"inLanguage\":\"de\",\"@id\":\"https:\/\/zonta-schwaebisch-gmuend.de\/index.php\/2026\/03\/09\/20-jahre-zonta-club-schwaebisch-gmuend-matinee-mit-klarem-zeichen-gegen-gewalt-an-frauen\/#primaryimage\",\"url\":\"https:\/\/zonta-schwaebisch-gmuend.de\/wp-content\/uploads\/2026\/03\/IMG_5727.jpg\",\"contentUrl\":\"https:\/\/zonta-schwaebisch-gmuend.de\/wp-content\/uploads\/2026\/03\/IMG_5727.jpg\",\"width\":888,\"height\":1280},{\"@type\":\"BreadcrumbList\",\"@id\":\"https:\/\/zonta-schwaebisch-gmuend.de\/index.php\/2026\/03\/09\/20-jahre-zonta-club-schwaebisch-gmuend-matinee-mit-klarem-zeichen-gegen-gewalt-an-frauen\/#breadcrumb\",\"itemListElement\":[{\"@type\":\"ListItem\",\"position\":1,\"name\":\"Startseite\",\"item\":\"https:\/\/zonta-schwaebisch-gmuend.de\/\"},{\"@type\":\"ListItem\",\"position\":2,\"name\":\"20 Jahre Zonta-Club Schw\u00e4bisch Gm\u00fcnd \u2013 Matinee mit klarem Zeichen gegen Gewalt an Frauen\"}]},{\"@type\":\"WebSite\",\"@id\":\"https:\/\/zonta-schwaebisch-gmuend.de\/#website\",\"url\":\"https:\/\/zonta-schwaebisch-gmuend.de\/\",\"name\":\"Zonta Club Schw\u00e4bisch Gm\u00fcnd e.V.\",\"description\":\"\",\"publisher\":{\"@id\":\"https:\/\/zonta-schwaebisch-gmuend.de\/#organization\"},\"potentialAction\":[{\"@type\":\"SearchAction\",\"target\":{\"@type\":\"EntryPoint\",\"urlTemplate\":\"https:\/\/zonta-schwaebisch-gmuend.de\/?s={search_term_string}\"},\"query-input\":{\"@type\":\"PropertyValueSpecification\",\"valueRequired\":true,\"valueName\":\"search_term_string\"}}],\"inLanguage\":\"de\"},{\"@type\":\"Organization\",\"@id\":\"https:\/\/zonta-schwaebisch-gmuend.de\/#organization\",\"name\":\"Zonta Club Schw\u00e4bisch Gm\u00fcnd e.V.\",\"url\":\"https:\/\/zonta-schwaebisch-gmuend.de\/\",\"logo\":{\"@type\":\"ImageObject\",\"inLanguage\":\"de\",\"@id\":\"https:\/\/zonta-schwaebisch-gmuend.de\/#\/schema\/logo\/image\/\",\"url\":\"https:\/\/zonta-schwaebisch-gmuend.de\/wp-content\/uploads\/2023\/08\/Zonta-Club-of-Schwaebisch-Gmuend-Logo_New-Tag_Horizontal_Color-2.png\",\"contentUrl\":\"https:\/\/zonta-schwaebisch-gmuend.de\/wp-content\/uploads\/2023\/08\/Zonta-Club-of-Schwaebisch-Gmuend-Logo_New-Tag_Horizontal_Color-2.png\",\"width\":4738,\"height\":1546,\"caption\":\"Zonta Club Schw\u00e4bisch Gm\u00fcnd e.V.\"},\"image\":{\"@id\":\"https:\/\/zonta-schwaebisch-gmuend.de\/#\/schema\/logo\/image\/\"},\"sameAs\":[\"https:\/\/www.instagram.com\/zontaschwaebischgmuend\/\"]},{\"@type\":\"Person\",\"@id\":\"https:\/\/zonta-schwaebisch-gmuend.de\/#\/schema\/person\/df9e2767c1e8e3e8466de6226364e48b\",\"name\":\"Claudia Langenbacher\",\"image\":{\"@type\":\"ImageObject\",\"inLanguage\":\"de\",\"@id\":\"https:\/\/secure.gravatar.com\/avatar\/dc118795df76bc49ba198fba6c16b5db3793711a29782b55e0636072dc202cd6?s=96&d=mm&r=g\",\"url\":\"https:\/\/secure.gravatar.com\/avatar\/dc118795df76bc49ba198fba6c16b5db3793711a29782b55e0636072dc202cd6?s=96&d=mm&r=g\",\"contentUrl\":\"https:\/\/secure.gravatar.com\/avatar\/dc118795df76bc49ba198fba6c16b5db3793711a29782b55e0636072dc202cd6?s=96&d=mm&r=g\",\"caption\":\"Claudia Langenbacher\"},\"url\":\"https:\/\/zonta-schwaebisch-gmuend.de\/index.php\/author\/clangenbacher\/\"}]}<\/script>\n<!-- \/ Yoast SEO plugin. -->","yoast_head_json":{"title":"20 Jahre Zonta-Club Schw\u00e4bisch Gm\u00fcnd \u2013 Matinee mit klarem Zeichen gegen Gewalt an Frauen - Zonta Club Schw\u00e4bisch Gm\u00fcnd e.V.","robots":{"index":"index","follow":"follow","max-snippet":"max-snippet:-1","max-image-preview":"max-image-preview:large","max-video-preview":"max-video-preview:-1"},"canonical":"https:\/\/zonta-schwaebisch-gmuend.de\/index.php\/2026\/03\/09\/20-jahre-zonta-club-schwaebisch-gmuend-matinee-mit-klarem-zeichen-gegen-gewalt-an-frauen\/","og_locale":"de_DE","og_type":"article","og_title":"20 Jahre Zonta-Club Schw\u00e4bisch Gm\u00fcnd \u2013 Matinee mit klarem Zeichen gegen Gewalt an Frauen - Zonta Club Schw\u00e4bisch Gm\u00fcnd e.V.","og_description":"Unser Zonta-Club Schw\u00e4bisch Gm\u00fcnd feierte mit einer festlichen Matinee das","og_url":"https:\/\/zonta-schwaebisch-gmuend.de\/index.php\/2026\/03\/09\/20-jahre-zonta-club-schwaebisch-gmuend-matinee-mit-klarem-zeichen-gegen-gewalt-an-frauen\/","og_site_name":"Zonta Club Schw\u00e4bisch Gm\u00fcnd e.V.","article_published_time":"2026-03-09T18:29:11+00:00","article_modified_time":"2026-03-09T18:35:23+00:00","og_image":[{"width":888,"height":1280,"url":"https:\/\/zonta-schwaebisch-gmuend.de\/wp-content\/uploads\/2026\/03\/IMG_5727.jpg","type":"image\/jpeg"}],"author":"Claudia Langenbacher","twitter_card":"summary_large_image","twitter_misc":{"Geschrieben von":"Claudia Langenbacher","Gesch\u00e4tzte Lesezeit":"2\u00a0Minuten"},"schema":{"@context":"https:\/\/schema.org","@graph":[{"@type":"Article","@id":"https:\/\/zonta-schwaebisch-gmuend.de\/index.php\/2026\/03\/09\/20-jahre-zonta-club-schwaebisch-gmuend-matinee-mit-klarem-zeichen-gegen-gewalt-an-frauen\/#article","isPartOf":{"@id":"https:\/\/zonta-schwaebisch-gmuend.de\/index.php\/2026\/03\/09\/20-jahre-zonta-club-schwaebisch-gmuend-matinee-mit-klarem-zeichen-gegen-gewalt-an-frauen\/"},"author":{"name":"Claudia Langenbacher","@id":"https:\/\/zonta-schwaebisch-gmuend.de\/#\/schema\/person\/df9e2767c1e8e3e8466de6226364e48b"},"headline":"20 Jahre Zonta-Club Schw\u00e4bisch Gm\u00fcnd \u2013 Matinee mit klarem Zeichen gegen Gewalt an Frauen","datePublished":"2026-03-09T18:29:11+00:00","dateModified":"2026-03-09T18:35:23+00:00","mainEntityOfPage":{"@id":"https:\/\/zonta-schwaebisch-gmuend.de\/index.php\/2026\/03\/09\/20-jahre-zonta-club-schwaebisch-gmuend-matinee-mit-klarem-zeichen-gegen-gewalt-an-frauen\/"},"wordCount":325,"commentCount":0,"publisher":{"@id":"https:\/\/zonta-schwaebisch-gmuend.de\/#organization"},"image":{"@id":"https:\/\/zonta-schwaebisch-gmuend.de\/index.php\/2026\/03\/09\/20-jahre-zonta-club-schwaebisch-gmuend-matinee-mit-klarem-zeichen-gegen-gewalt-an-frauen\/#primaryimage"},"thumbnailUrl":"https:\/\/zonta-schwaebisch-gmuend.de\/wp-content\/uploads\/2026\/03\/IMG_5727-710x1024.jpg","articleSection":["PresseEvents"],"inLanguage":"de","potentialAction":[{"@type":"CommentAction","name":"Comment","target":["https:\/\/zonta-schwaebisch-gmuend.de\/index.php\/2026\/03\/09\/20-jahre-zonta-club-schwaebisch-gmuend-matinee-mit-klarem-zeichen-gegen-gewalt-an-frauen\/#respond"]}]},{"@type":"WebPage","@id":"https:\/\/zonta-schwaebisch-gmuend.de\/index.php\/2026\/03\/09\/20-jahre-zonta-club-schwaebisch-gmuend-matinee-mit-klarem-zeichen-gegen-gewalt-an-frauen\/","url":"https:\/\/zonta-schwaebisch-gmuend.de\/index.php\/2026\/03\/09\/20-jahre-zonta-club-schwaebisch-gmuend-matinee-mit-klarem-zeichen-gegen-gewalt-an-frauen\/","name":"20 Jahre Zonta-Club Schw\u00e4bisch Gm\u00fcnd \u2013 Matinee mit klarem Zeichen gegen Gewalt an Frauen - Zonta Club Schw\u00e4bisch Gm\u00fcnd e.V.","isPartOf":{"@id":"https:\/\/zonta-schwaebisch-gmuend.de\/#website"},"primaryImageOfPage":{"@id":"https:\/\/zonta-schwaebisch-gmuend.de\/index.php\/2026\/03\/09\/20-jahre-zonta-club-schwaebisch-gmuend-matinee-mit-klarem-zeichen-gegen-gewalt-an-frauen\/#primaryimage"},"image":{"@id":"https:\/\/zonta-schwaebisch-gmuend.de\/index.php\/2026\/03\/09\/20-jahre-zonta-club-schwaebisch-gmuend-matinee-mit-klarem-zeichen-gegen-gewalt-an-frauen\/#primaryimage"},"thumbnailUrl":"https:\/\/zonta-schwaebisch-gmuend.de\/wp-content\/uploads\/2026\/03\/IMG_5727-710x1024.jpg","datePublished":"2026-03-09T18:29:11+00:00","dateModified":"2026-03-09T18:35:23+00:00","breadcrumb":{"@id":"https:\/\/zonta-schwaebisch-gmuend.de\/index.php\/2026\/03\/09\/20-jahre-zonta-club-schwaebisch-gmuend-matinee-mit-klarem-zeichen-gegen-gewalt-an-frauen\/#breadcrumb"},"inLanguage":"de","potentialAction":[{"@type":"ReadAction","target":["https:\/\/zonta-schwaebisch-gmuend.de\/index.php\/2026\/03\/09\/20-jahre-zonta-club-schwaebisch-gmuend-matinee-mit-klarem-zeichen-gegen-gewalt-an-frauen\/"]}]},{"@type":"ImageObject","inLanguage":"de","@id":"https:\/\/zonta-schwaebisch-gmuend.de\/index.php\/2026\/03\/09\/20-jahre-zonta-club-schwaebisch-gmuend-matinee-mit-klarem-zeichen-gegen-gewalt-an-frauen\/#primaryimage","url":"https:\/\/zonta-schwaebisch-gmuend.de\/wp-content\/uploads\/2026\/03\/IMG_5727.jpg","contentUrl":"https:\/\/zonta-schwaebisch-gmuend.de\/wp-content\/uploads\/2026\/03\/IMG_5727.jpg","width":888,"height":1280},{"@type":"BreadcrumbList","@id":"https:\/\/zonta-schwaebisch-gmuend.de\/index.php\/2026\/03\/09\/20-jahre-zonta-club-schwaebisch-gmuend-matinee-mit-klarem-zeichen-gegen-gewalt-an-frauen\/#breadcrumb","itemListElement":[{"@type":"ListItem","position":1,"name":"Startseite","item":"https:\/\/zonta-schwaebisch-gmuend.de\/"},{"@type":"ListItem","position":2,"name":"20 Jahre Zonta-Club Schw\u00e4bisch Gm\u00fcnd \u2013 Matinee mit klarem Zeichen gegen Gewalt an Frauen"}]},{"@type":"WebSite","@id":"https:\/\/zonta-schwaebisch-gmuend.de\/#website","url":"https:\/\/zonta-schwaebisch-gmuend.de\/","name":"Zonta Club Schw\u00e4bisch Gm\u00fcnd e.V.","description":"","publisher":{"@id":"https:\/\/zonta-schwaebisch-gmuend.de\/#organization"},"potentialAction":[{"@type":"SearchAction","target":{"@type":"EntryPoint","urlTemplate":"https:\/\/zonta-schwaebisch-gmuend.de\/?s={search_term_string}"},"query-input":{"@type":"PropertyValueSpecification","valueRequired":true,"valueName":"search_term_string"}}],"inLanguage":"de"},{"@type":"Organization","@id":"https:\/\/zonta-schwaebisch-gmuend.de\/#organization","name":"Zonta Club Schw\u00e4bisch Gm\u00fcnd e.V.","url":"https:\/\/zonta-schwaebisch-gmuend.de\/","logo":{"@type":"ImageObject","inLanguage":"de","@id":"https:\/\/zonta-schwaebisch-gmuend.de\/#\/schema\/logo\/image\/","url":"https:\/\/zonta-schwaebisch-gmuend.de\/wp-content\/uploads\/2023\/08\/Zonta-Club-of-Schwaebisch-Gmuend-Logo_New-Tag_Horizontal_Color-2.png","contentUrl":"https:\/\/zonta-schwaebisch-gmuend.de\/wp-content\/uploads\/2023\/08\/Zonta-Club-of-Schwaebisch-Gmuend-Logo_New-Tag_Horizontal_Color-2.png","width":4738,"height":1546,"caption":"Zonta Club Schw\u00e4bisch Gm\u00fcnd e.V."},"image":{"@id":"https:\/\/zonta-schwaebisch-gmuend.de\/#\/schema\/logo\/image\/"},"sameAs":["https:\/\/www.instagram.com\/zontaschwaebischgmuend\/"]},{"@type":"Person","@id":"https:\/\/zonta-schwaebisch-gmuend.de\/#\/schema\/person\/df9e2767c1e8e3e8466de6226364e48b","name":"Claudia Langenbacher","image":{"@type":"ImageObject","inLanguage":"de","@id":"https:\/\/secure.gravatar.com\/avatar\/dc118795df76bc49ba198fba6c16b5db3793711a29782b55e0636072dc202cd6?s=96&d=mm&r=g","url":"https:\/\/secure.gravatar.com\/avatar\/dc118795df76bc49ba198fba6c16b5db3793711a29782b55e0636072dc202cd6?s=96&d=mm&r=g","contentUrl":"https:\/\/secure.gravatar.com\/avatar\/dc118795df76bc49ba198fba6c16b5db3793711a29782b55e0636072dc202cd6?s=96&d=mm&r=g","caption":"Claudia Langenbacher"},"url":"https:\/\/zonta-schwaebisch-gmuend.de\/index.php\/author\/clangenbacher\/"}]}},"_links":{"self":[{"href":"https:\/\/zonta-schwaebisch-gmuend.de\/index.php\/wp-json\/wp\/v2\/posts\/1737","targetHints":{"allow":["GET"]}}],"collection":[{"href":"https:\/\/zonta-schwaebisch-gmuend.de\/index.php\/wp-json\/wp\/v2\/posts"}],"about":[{"href":"https:\/\/zonta-schwaebisch-gmuend.de\/index.php\/wp-json\/wp\/v2\/types\/post"}],"author":[{"embeddable":true,"href":"https:\/\/zonta-schwaebisch-gmuend.de\/index.php\/wp-json\/wp\/v2\/users\/2"}],"replies":[{"embeddable":true,"href":"https:\/\/zonta-schwaebisch-gmuend.de\/index.php\/wp-json\/wp\/v2\/comments?post=1737"}],"version-history":[{"count":4,"href":"https:\/\/zonta-schwaebisch-gmuend.de\/index.php\/wp-json\/wp\/v2\/posts\/1737\/revisions"}],"predecessor-version":[{"id":1745,"href":"https:\/\/zonta-schwaebisch-gmuend.de\/index.php\/wp-json\/wp\/v2\/posts\/1737\/revisions\/1745"}],"wp:attachment":[{"href":"https:\/\/zonta-schwaebisch-gmuend.de\/index.php\/wp-json\/wp\/v2\/media?parent=1737"}],"wp:term":[{"taxonomy":"category","embeddable":true,"href":"https:\/\/zonta-schwaebisch-gmuend.de\/index.php\/wp-json\/wp\/v2\/categories?post=1737"},{"taxonomy":"post_tag","embeddable":true,"href":"https:\/\/zonta-schwaebisch-gmuend.de\/index.php\/wp-json\/wp\/v2\/tags?post=1737"}],"curies":[{"name":"wp","href":"https:\/\/api.w.org\/{rel}","templated":true}]}}