{"id":1704,"date":"2025-11-22T17:37:02","date_gmt":"2025-11-22T16:37:02","guid":{"rendered":"https:\/\/zonta-schwaebisch-gmuend.de\/?p=1704"},"modified":"2025-11-22T17:40:08","modified_gmt":"2025-11-22T16:40:08","slug":"vernissage-sichtbar-frauen-in-form-und-farbe","status":"publish","type":"post","link":"https:\/\/zonta-schwaebisch-gmuend.de\/index.php\/2025\/11\/22\/vernissage-sichtbar-frauen-in-form-und-farbe\/","title":{"rendered":"Vernissage \u201eSichtbar \u2013 Frauen in Form und Farbe\u201c"},"content":{"rendered":"<p>Am Donnerstag, den 20. November, fand unsere Vernissage unter dem beeindruckenden Thema <strong>\u201eSichtbar \u2013 Frauen in Form und Farbe\u201c<\/strong> statt. Die musikalische Umrahmung \u00fcbernahmen Sandra Bosch (Gesang) und Maurizio Orlando (Gitarre), die mit ihren Kl\u00e4ngen eine stimmungsvolle Atmosph\u00e4re schufen.<\/p>\n<p>Unsere Pr\u00e4sidentin Sabine Dombrowski-Riegert er\u00f6ffnete den Abend und stellte zugleich die K\u00fcnstlerin Gudrun Niethammer vor, deren Werke im Mittelpunkt der Ausstellung stehen. Im Anschluss sprach Dr. Max Tillmann, Museumsleiter im Prediger in Schw\u00e4bisch Gm\u00fcnd, und gab weitere Einblicke in die k\u00fcnstlerische Arbeit und ihren Kontext.<\/p>\n<p>Auch die K\u00fcnstlerin selbst richtete pers\u00f6nliche Worte an die G\u00e4ste und erz\u00e4hlte weitere Hintergr\u00fcnde zu ihren Bildern.<\/p>\n<p>Die Vernissage war sehr gut besucht, begleitet von Sekt, kleinen H\u00e4ppchen und zahlreichen anregenden Gespr\u00e4chen. Mehrere Kunstwerke fanden sogar direkt am Abend neue Besitzerinnen und Besitzer. Es war ein rundum gelungener Abend, der Kunst, Begegnung und Inspiration wunderbar vereinte.<\/p>\n<p>Bei der Gelegenheit konnte auch ein Scheck \u00fcber 1.500 Euro an Frau Wahl (Stadt Schw\u00e4bisch Gm\u00fcnd) f\u00fcr das Projekt <em>Lichtblicke<\/em>\u00a0\u00fcbergeben werden.<\/p>\n<p><em>Lichtblicke<\/em> ist ein Projekt, initiiert vom Zonta-Club Schw\u00e4bisch Gm\u00fcnd. Das Projekt unterst\u00fctzt \u00e4ltere B\u00fcrgerinnen, die nach einschl\u00e4gigen Kriterien als arm gelten und selbst\u00e4ndig leben.<\/p>\n<p><em>Lichtblicke<\/em>\u00a0kooperiert mit der Stadtverwaltung Schw\u00e4bisch Gm\u00fcnd, dem Caritasverband und dem Diakonischen Werk Schw\u00e4bisch Gm\u00fcnd.<\/p>\n<p><img decoding=\"async\" class=\"lazyload alignnone wp-image-1705\" src=\"https:\/\/zonta-schwaebisch-gmuend.de\/wp-content\/uploads\/2025\/11\/IMG_5270-708x1024.jpg\" data-orig-src=\"https:\/\/zonta-schwaebisch-gmuend.de\/wp-content\/uploads\/2025\/11\/IMG_5270-708x1024.jpg\" alt=\"\" width=\"505\" height=\"731\" srcset=\"data:image\/svg+xml,%3Csvg%20xmlns%3D%27http%3A%2F%2Fwww.w3.org%2F2000%2Fsvg%27%20width%3D%27505%27%20height%3D%27731%27%20viewBox%3D%270%200%20505%20731%27%3E%3Crect%20width%3D%27505%27%20height%3D%27731%27%20fill-opacity%3D%220%22%2F%3E%3C%2Fsvg%3E\" data-srcset=\"https:\/\/zonta-schwaebisch-gmuend.de\/wp-content\/uploads\/2025\/11\/IMG_5270-200x289.jpg 200w, https:\/\/zonta-schwaebisch-gmuend.de\/wp-content\/uploads\/2025\/11\/IMG_5270-207x300.jpg 207w, https:\/\/zonta-schwaebisch-gmuend.de\/wp-content\/uploads\/2025\/11\/IMG_5270-400x579.jpg 400w, https:\/\/zonta-schwaebisch-gmuend.de\/wp-content\/uploads\/2025\/11\/IMG_5270-600x868.jpg 600w, https:\/\/zonta-schwaebisch-gmuend.de\/wp-content\/uploads\/2025\/11\/IMG_5270-708x1024.jpg 708w, https:\/\/zonta-schwaebisch-gmuend.de\/wp-content\/uploads\/2025\/11\/IMG_5270-768x1111.jpg 768w, https:\/\/zonta-schwaebisch-gmuend.de\/wp-content\/uploads\/2025\/11\/IMG_5270-800x1157.jpg 800w, https:\/\/zonta-schwaebisch-gmuend.de\/wp-content\/uploads\/2025\/11\/IMG_5270.jpg 885w\" data-sizes=\"auto\" data-orig-sizes=\"(max-width: 505px) 100vw, 505px\" \/><\/p>\n<p>Links zu sehen: Gudrun Niethammer, die K\u00fcnstlerin &#8211; rechts Sabine Dombrowski-Riegert (Pr\u00e4sidentin Zonta-Club Schw\u00e4bisch Gm\u00fcnd)<\/p>\n","protected":false},"excerpt":{"rendered":"<p>Am Donnerstag, den 20. November, fand unsere Vernissage unter dem<\/p>\n","protected":false},"author":2,"featured_media":0,"comment_status":"open","ping_status":"open","sticky":false,"template":"","format":"standard","meta":{"footnotes":""},"categories":[42],"tags":[],"class_list":["post-1704","post","type-post","status-publish","format-standard","hentry","category-presseevents"],"yoast_head":"<!-- This site is optimized with the Yoast SEO plugin v27.2 - https:\/\/yoast.com\/product\/yoast-seo-wordpress\/ -->\n<title>Vernissage \u201eSichtbar \u2013 Frauen in Form und Farbe\u201c - Zonta Club Schw\u00e4bisch Gm\u00fcnd e.V.<\/title>\n<meta name=\"robots\" content=\"index, follow, max-snippet:-1, max-image-preview:large, max-video-preview:-1\" \/>\n<link rel=\"canonical\" href=\"https:\/\/zonta-schwaebisch-gmuend.de\/index.php\/2025\/11\/22\/vernissage-sichtbar-frauen-in-form-und-farbe\/\" \/>\n<meta property=\"og:locale\" content=\"de_DE\" \/>\n<meta property=\"og:type\" content=\"article\" \/>\n<meta property=\"og:title\" content=\"Vernissage \u201eSichtbar \u2013 Frauen in Form und Farbe\u201c - Zonta Club Schw\u00e4bisch Gm\u00fcnd e.V.\" \/>\n<meta property=\"og:description\" content=\"Am Donnerstag, den 20. November, fand unsere Vernissage unter dem\" \/>\n<meta property=\"og:url\" content=\"https:\/\/zonta-schwaebisch-gmuend.de\/index.php\/2025\/11\/22\/vernissage-sichtbar-frauen-in-form-und-farbe\/\" \/>\n<meta property=\"og:site_name\" content=\"Zonta Club Schw\u00e4bisch Gm\u00fcnd e.V.\" \/>\n<meta property=\"article:published_time\" content=\"2025-11-22T16:37:02+00:00\" \/>\n<meta property=\"article:modified_time\" content=\"2025-11-22T16:40:08+00:00\" \/>\n<meta property=\"og:image\" content=\"https:\/\/zonta-schwaebisch-gmuend.de\/wp-content\/uploads\/2025\/11\/IMG_5270.jpg\" \/>\n\t<meta property=\"og:image:width\" content=\"885\" \/>\n\t<meta property=\"og:image:height\" content=\"1280\" \/>\n\t<meta property=\"og:image:type\" content=\"image\/jpeg\" \/>\n<meta name=\"author\" content=\"Claudia Langenbacher\" \/>\n<meta name=\"twitter:card\" content=\"summary_large_image\" \/>\n<meta name=\"twitter:label1\" content=\"Geschrieben von\" \/>\n\t<meta name=\"twitter:data1\" content=\"Claudia Langenbacher\" \/>\n\t<meta name=\"twitter:label2\" content=\"Gesch\u00e4tzte Lesezeit\" \/>\n\t<meta name=\"twitter:data2\" content=\"2\u00a0Minuten\" \/>\n<script type=\"application\/ld+json\" class=\"yoast-schema-graph\">{\"@context\":\"https:\/\/schema.org\",\"@graph\":[{\"@type\":\"Article\",\"@id\":\"https:\/\/zonta-schwaebisch-gmuend.de\/index.php\/2025\/11\/22\/vernissage-sichtbar-frauen-in-form-und-farbe\/#article\",\"isPartOf\":{\"@id\":\"https:\/\/zonta-schwaebisch-gmuend.de\/index.php\/2025\/11\/22\/vernissage-sichtbar-frauen-in-form-und-farbe\/\"},\"author\":{\"name\":\"Claudia Langenbacher\",\"@id\":\"https:\/\/zonta-schwaebisch-gmuend.de\/#\/schema\/person\/df9e2767c1e8e3e8466de6226364e48b\"},\"headline\":\"Vernissage \u201eSichtbar \u2013 Frauen in Form und Farbe\u201c\",\"datePublished\":\"2025-11-22T16:37:02+00:00\",\"dateModified\":\"2025-11-22T16:40:08+00:00\",\"mainEntityOfPage\":{\"@id\":\"https:\/\/zonta-schwaebisch-gmuend.de\/index.php\/2025\/11\/22\/vernissage-sichtbar-frauen-in-form-und-farbe\/\"},\"wordCount\":252,\"commentCount\":0,\"publisher\":{\"@id\":\"https:\/\/zonta-schwaebisch-gmuend.de\/#organization\"},\"image\":{\"@id\":\"https:\/\/zonta-schwaebisch-gmuend.de\/index.php\/2025\/11\/22\/vernissage-sichtbar-frauen-in-form-und-farbe\/#primaryimage\"},\"thumbnailUrl\":\"https:\/\/zonta-schwaebisch-gmuend.de\/wp-content\/uploads\/2025\/11\/IMG_5270-708x1024.jpg\",\"articleSection\":[\"PresseEvents\"],\"inLanguage\":\"de\",\"potentialAction\":[{\"@type\":\"CommentAction\",\"name\":\"Comment\",\"target\":[\"https:\/\/zonta-schwaebisch-gmuend.de\/index.php\/2025\/11\/22\/vernissage-sichtbar-frauen-in-form-und-farbe\/#respond\"]}]},{\"@type\":\"WebPage\",\"@id\":\"https:\/\/zonta-schwaebisch-gmuend.de\/index.php\/2025\/11\/22\/vernissage-sichtbar-frauen-in-form-und-farbe\/\",\"url\":\"https:\/\/zonta-schwaebisch-gmuend.de\/index.php\/2025\/11\/22\/vernissage-sichtbar-frauen-in-form-und-farbe\/\",\"name\":\"Vernissage \u201eSichtbar \u2013 Frauen in Form und Farbe\u201c - Zonta Club Schw\u00e4bisch Gm\u00fcnd e.V.\",\"isPartOf\":{\"@id\":\"https:\/\/zonta-schwaebisch-gmuend.de\/#website\"},\"primaryImageOfPage\":{\"@id\":\"https:\/\/zonta-schwaebisch-gmuend.de\/index.php\/2025\/11\/22\/vernissage-sichtbar-frauen-in-form-und-farbe\/#primaryimage\"},\"image\":{\"@id\":\"https:\/\/zonta-schwaebisch-gmuend.de\/index.php\/2025\/11\/22\/vernissage-sichtbar-frauen-in-form-und-farbe\/#primaryimage\"},\"thumbnailUrl\":\"https:\/\/zonta-schwaebisch-gmuend.de\/wp-content\/uploads\/2025\/11\/IMG_5270-708x1024.jpg\",\"datePublished\":\"2025-11-22T16:37:02+00:00\",\"dateModified\":\"2025-11-22T16:40:08+00:00\",\"breadcrumb\":{\"@id\":\"https:\/\/zonta-schwaebisch-gmuend.de\/index.php\/2025\/11\/22\/vernissage-sichtbar-frauen-in-form-und-farbe\/#breadcrumb\"},\"inLanguage\":\"de\",\"potentialAction\":[{\"@type\":\"ReadAction\",\"target\":[\"https:\/\/zonta-schwaebisch-gmuend.de\/index.php\/2025\/11\/22\/vernissage-sichtbar-frauen-in-form-und-farbe\/\"]}]},{\"@type\":\"ImageObject\",\"inLanguage\":\"de\",\"@id\":\"https:\/\/zonta-schwaebisch-gmuend.de\/index.php\/2025\/11\/22\/vernissage-sichtbar-frauen-in-form-und-farbe\/#primaryimage\",\"url\":\"https:\/\/zonta-schwaebisch-gmuend.de\/wp-content\/uploads\/2025\/11\/IMG_5270.jpg\",\"contentUrl\":\"https:\/\/zonta-schwaebisch-gmuend.de\/wp-content\/uploads\/2025\/11\/IMG_5270.jpg\",\"width\":885,\"height\":1280},{\"@type\":\"BreadcrumbList\",\"@id\":\"https:\/\/zonta-schwaebisch-gmuend.de\/index.php\/2025\/11\/22\/vernissage-sichtbar-frauen-in-form-und-farbe\/#breadcrumb\",\"itemListElement\":[{\"@type\":\"ListItem\",\"position\":1,\"name\":\"Startseite\",\"item\":\"https:\/\/zonta-schwaebisch-gmuend.de\/\"},{\"@type\":\"ListItem\",\"position\":2,\"name\":\"Vernissage \u201eSichtbar \u2013 Frauen in Form und Farbe\u201c\"}]},{\"@type\":\"WebSite\",\"@id\":\"https:\/\/zonta-schwaebisch-gmuend.de\/#website\",\"url\":\"https:\/\/zonta-schwaebisch-gmuend.de\/\",\"name\":\"Zonta Club Schw\u00e4bisch Gm\u00fcnd e.V.\",\"description\":\"\",\"publisher\":{\"@id\":\"https:\/\/zonta-schwaebisch-gmuend.de\/#organization\"},\"potentialAction\":[{\"@type\":\"SearchAction\",\"target\":{\"@type\":\"EntryPoint\",\"urlTemplate\":\"https:\/\/zonta-schwaebisch-gmuend.de\/?s={search_term_string}\"},\"query-input\":{\"@type\":\"PropertyValueSpecification\",\"valueRequired\":true,\"valueName\":\"search_term_string\"}}],\"inLanguage\":\"de\"},{\"@type\":\"Organization\",\"@id\":\"https:\/\/zonta-schwaebisch-gmuend.de\/#organization\",\"name\":\"Zonta Club Schw\u00e4bisch Gm\u00fcnd e.V.\",\"url\":\"https:\/\/zonta-schwaebisch-gmuend.de\/\",\"logo\":{\"@type\":\"ImageObject\",\"inLanguage\":\"de\",\"@id\":\"https:\/\/zonta-schwaebisch-gmuend.de\/#\/schema\/logo\/image\/\",\"url\":\"https:\/\/zonta-schwaebisch-gmuend.de\/wp-content\/uploads\/2023\/08\/Zonta-Club-of-Schwaebisch-Gmuend-Logo_New-Tag_Horizontal_Color-2.png\",\"contentUrl\":\"https:\/\/zonta-schwaebisch-gmuend.de\/wp-content\/uploads\/2023\/08\/Zonta-Club-of-Schwaebisch-Gmuend-Logo_New-Tag_Horizontal_Color-2.png\",\"width\":4738,\"height\":1546,\"caption\":\"Zonta Club Schw\u00e4bisch Gm\u00fcnd e.V.\"},\"image\":{\"@id\":\"https:\/\/zonta-schwaebisch-gmuend.de\/#\/schema\/logo\/image\/\"},\"sameAs\":[\"https:\/\/www.instagram.com\/zontaschwaebischgmuend\/\"]},{\"@type\":\"Person\",\"@id\":\"https:\/\/zonta-schwaebisch-gmuend.de\/#\/schema\/person\/df9e2767c1e8e3e8466de6226364e48b\",\"name\":\"Claudia Langenbacher\",\"image\":{\"@type\":\"ImageObject\",\"inLanguage\":\"de\",\"@id\":\"https:\/\/secure.gravatar.com\/avatar\/dc118795df76bc49ba198fba6c16b5db3793711a29782b55e0636072dc202cd6?s=96&d=mm&r=g\",\"url\":\"https:\/\/secure.gravatar.com\/avatar\/dc118795df76bc49ba198fba6c16b5db3793711a29782b55e0636072dc202cd6?s=96&d=mm&r=g\",\"contentUrl\":\"https:\/\/secure.gravatar.com\/avatar\/dc118795df76bc49ba198fba6c16b5db3793711a29782b55e0636072dc202cd6?s=96&d=mm&r=g\",\"caption\":\"Claudia Langenbacher\"},\"url\":\"https:\/\/zonta-schwaebisch-gmuend.de\/index.php\/author\/clangenbacher\/\"}]}<\/script>\n<!-- \/ Yoast SEO plugin. -->","yoast_head_json":{"title":"Vernissage \u201eSichtbar \u2013 Frauen in Form und Farbe\u201c - Zonta Club Schw\u00e4bisch Gm\u00fcnd e.V.","robots":{"index":"index","follow":"follow","max-snippet":"max-snippet:-1","max-image-preview":"max-image-preview:large","max-video-preview":"max-video-preview:-1"},"canonical":"https:\/\/zonta-schwaebisch-gmuend.de\/index.php\/2025\/11\/22\/vernissage-sichtbar-frauen-in-form-und-farbe\/","og_locale":"de_DE","og_type":"article","og_title":"Vernissage \u201eSichtbar \u2013 Frauen in Form und Farbe\u201c - Zonta Club Schw\u00e4bisch Gm\u00fcnd e.V.","og_description":"Am Donnerstag, den 20. November, fand unsere Vernissage unter dem","og_url":"https:\/\/zonta-schwaebisch-gmuend.de\/index.php\/2025\/11\/22\/vernissage-sichtbar-frauen-in-form-und-farbe\/","og_site_name":"Zonta Club Schw\u00e4bisch Gm\u00fcnd e.V.","article_published_time":"2025-11-22T16:37:02+00:00","article_modified_time":"2025-11-22T16:40:08+00:00","og_image":[{"width":885,"height":1280,"url":"https:\/\/zonta-schwaebisch-gmuend.de\/wp-content\/uploads\/2025\/11\/IMG_5270.jpg","type":"image\/jpeg"}],"author":"Claudia Langenbacher","twitter_card":"summary_large_image","twitter_misc":{"Geschrieben von":"Claudia Langenbacher","Gesch\u00e4tzte Lesezeit":"2\u00a0Minuten"},"schema":{"@context":"https:\/\/schema.org","@graph":[{"@type":"Article","@id":"https:\/\/zonta-schwaebisch-gmuend.de\/index.php\/2025\/11\/22\/vernissage-sichtbar-frauen-in-form-und-farbe\/#article","isPartOf":{"@id":"https:\/\/zonta-schwaebisch-gmuend.de\/index.php\/2025\/11\/22\/vernissage-sichtbar-frauen-in-form-und-farbe\/"},"author":{"name":"Claudia Langenbacher","@id":"https:\/\/zonta-schwaebisch-gmuend.de\/#\/schema\/person\/df9e2767c1e8e3e8466de6226364e48b"},"headline":"Vernissage \u201eSichtbar \u2013 Frauen in Form und Farbe\u201c","datePublished":"2025-11-22T16:37:02+00:00","dateModified":"2025-11-22T16:40:08+00:00","mainEntityOfPage":{"@id":"https:\/\/zonta-schwaebisch-gmuend.de\/index.php\/2025\/11\/22\/vernissage-sichtbar-frauen-in-form-und-farbe\/"},"wordCount":252,"commentCount":0,"publisher":{"@id":"https:\/\/zonta-schwaebisch-gmuend.de\/#organization"},"image":{"@id":"https:\/\/zonta-schwaebisch-gmuend.de\/index.php\/2025\/11\/22\/vernissage-sichtbar-frauen-in-form-und-farbe\/#primaryimage"},"thumbnailUrl":"https:\/\/zonta-schwaebisch-gmuend.de\/wp-content\/uploads\/2025\/11\/IMG_5270-708x1024.jpg","articleSection":["PresseEvents"],"inLanguage":"de","potentialAction":[{"@type":"CommentAction","name":"Comment","target":["https:\/\/zonta-schwaebisch-gmuend.de\/index.php\/2025\/11\/22\/vernissage-sichtbar-frauen-in-form-und-farbe\/#respond"]}]},{"@type":"WebPage","@id":"https:\/\/zonta-schwaebisch-gmuend.de\/index.php\/2025\/11\/22\/vernissage-sichtbar-frauen-in-form-und-farbe\/","url":"https:\/\/zonta-schwaebisch-gmuend.de\/index.php\/2025\/11\/22\/vernissage-sichtbar-frauen-in-form-und-farbe\/","name":"Vernissage \u201eSichtbar \u2013 Frauen in Form und Farbe\u201c - Zonta Club Schw\u00e4bisch Gm\u00fcnd e.V.","isPartOf":{"@id":"https:\/\/zonta-schwaebisch-gmuend.de\/#website"},"primaryImageOfPage":{"@id":"https:\/\/zonta-schwaebisch-gmuend.de\/index.php\/2025\/11\/22\/vernissage-sichtbar-frauen-in-form-und-farbe\/#primaryimage"},"image":{"@id":"https:\/\/zonta-schwaebisch-gmuend.de\/index.php\/2025\/11\/22\/vernissage-sichtbar-frauen-in-form-und-farbe\/#primaryimage"},"thumbnailUrl":"https:\/\/zonta-schwaebisch-gmuend.de\/wp-content\/uploads\/2025\/11\/IMG_5270-708x1024.jpg","datePublished":"2025-11-22T16:37:02+00:00","dateModified":"2025-11-22T16:40:08+00:00","breadcrumb":{"@id":"https:\/\/zonta-schwaebisch-gmuend.de\/index.php\/2025\/11\/22\/vernissage-sichtbar-frauen-in-form-und-farbe\/#breadcrumb"},"inLanguage":"de","potentialAction":[{"@type":"ReadAction","target":["https:\/\/zonta-schwaebisch-gmuend.de\/index.php\/2025\/11\/22\/vernissage-sichtbar-frauen-in-form-und-farbe\/"]}]},{"@type":"ImageObject","inLanguage":"de","@id":"https:\/\/zonta-schwaebisch-gmuend.de\/index.php\/2025\/11\/22\/vernissage-sichtbar-frauen-in-form-und-farbe\/#primaryimage","url":"https:\/\/zonta-schwaebisch-gmuend.de\/wp-content\/uploads\/2025\/11\/IMG_5270.jpg","contentUrl":"https:\/\/zonta-schwaebisch-gmuend.de\/wp-content\/uploads\/2025\/11\/IMG_5270.jpg","width":885,"height":1280},{"@type":"BreadcrumbList","@id":"https:\/\/zonta-schwaebisch-gmuend.de\/index.php\/2025\/11\/22\/vernissage-sichtbar-frauen-in-form-und-farbe\/#breadcrumb","itemListElement":[{"@type":"ListItem","position":1,"name":"Startseite","item":"https:\/\/zonta-schwaebisch-gmuend.de\/"},{"@type":"ListItem","position":2,"name":"Vernissage \u201eSichtbar \u2013 Frauen in Form und Farbe\u201c"}]},{"@type":"WebSite","@id":"https:\/\/zonta-schwaebisch-gmuend.de\/#website","url":"https:\/\/zonta-schwaebisch-gmuend.de\/","name":"Zonta Club Schw\u00e4bisch Gm\u00fcnd e.V.","description":"","publisher":{"@id":"https:\/\/zonta-schwaebisch-gmuend.de\/#organization"},"potentialAction":[{"@type":"SearchAction","target":{"@type":"EntryPoint","urlTemplate":"https:\/\/zonta-schwaebisch-gmuend.de\/?s={search_term_string}"},"query-input":{"@type":"PropertyValueSpecification","valueRequired":true,"valueName":"search_term_string"}}],"inLanguage":"de"},{"@type":"Organization","@id":"https:\/\/zonta-schwaebisch-gmuend.de\/#organization","name":"Zonta Club Schw\u00e4bisch Gm\u00fcnd e.V.","url":"https:\/\/zonta-schwaebisch-gmuend.de\/","logo":{"@type":"ImageObject","inLanguage":"de","@id":"https:\/\/zonta-schwaebisch-gmuend.de\/#\/schema\/logo\/image\/","url":"https:\/\/zonta-schwaebisch-gmuend.de\/wp-content\/uploads\/2023\/08\/Zonta-Club-of-Schwaebisch-Gmuend-Logo_New-Tag_Horizontal_Color-2.png","contentUrl":"https:\/\/zonta-schwaebisch-gmuend.de\/wp-content\/uploads\/2023\/08\/Zonta-Club-of-Schwaebisch-Gmuend-Logo_New-Tag_Horizontal_Color-2.png","width":4738,"height":1546,"caption":"Zonta Club Schw\u00e4bisch Gm\u00fcnd e.V."},"image":{"@id":"https:\/\/zonta-schwaebisch-gmuend.de\/#\/schema\/logo\/image\/"},"sameAs":["https:\/\/www.instagram.com\/zontaschwaebischgmuend\/"]},{"@type":"Person","@id":"https:\/\/zonta-schwaebisch-gmuend.de\/#\/schema\/person\/df9e2767c1e8e3e8466de6226364e48b","name":"Claudia Langenbacher","image":{"@type":"ImageObject","inLanguage":"de","@id":"https:\/\/secure.gravatar.com\/avatar\/dc118795df76bc49ba198fba6c16b5db3793711a29782b55e0636072dc202cd6?s=96&d=mm&r=g","url":"https:\/\/secure.gravatar.com\/avatar\/dc118795df76bc49ba198fba6c16b5db3793711a29782b55e0636072dc202cd6?s=96&d=mm&r=g","contentUrl":"https:\/\/secure.gravatar.com\/avatar\/dc118795df76bc49ba198fba6c16b5db3793711a29782b55e0636072dc202cd6?s=96&d=mm&r=g","caption":"Claudia Langenbacher"},"url":"https:\/\/zonta-schwaebisch-gmuend.de\/index.php\/author\/clangenbacher\/"}]}},"_links":{"self":[{"href":"https:\/\/zonta-schwaebisch-gmuend.de\/index.php\/wp-json\/wp\/v2\/posts\/1704","targetHints":{"allow":["GET"]}}],"collection":[{"href":"https:\/\/zonta-schwaebisch-gmuend.de\/index.php\/wp-json\/wp\/v2\/posts"}],"about":[{"href":"https:\/\/zonta-schwaebisch-gmuend.de\/index.php\/wp-json\/wp\/v2\/types\/post"}],"author":[{"embeddable":true,"href":"https:\/\/zonta-schwaebisch-gmuend.de\/index.php\/wp-json\/wp\/v2\/users\/2"}],"replies":[{"embeddable":true,"href":"https:\/\/zonta-schwaebisch-gmuend.de\/index.php\/wp-json\/wp\/v2\/comments?post=1704"}],"version-history":[{"count":3,"href":"https:\/\/zonta-schwaebisch-gmuend.de\/index.php\/wp-json\/wp\/v2\/posts\/1704\/revisions"}],"predecessor-version":[{"id":1710,"href":"https:\/\/zonta-schwaebisch-gmuend.de\/index.php\/wp-json\/wp\/v2\/posts\/1704\/revisions\/1710"}],"wp:attachment":[{"href":"https:\/\/zonta-schwaebisch-gmuend.de\/index.php\/wp-json\/wp\/v2\/media?parent=1704"}],"wp:term":[{"taxonomy":"category","embeddable":true,"href":"https:\/\/zonta-schwaebisch-gmuend.de\/index.php\/wp-json\/wp\/v2\/categories?post=1704"},{"taxonomy":"post_tag","embeddable":true,"href":"https:\/\/zonta-schwaebisch-gmuend.de\/index.php\/wp-json\/wp\/v2\/tags?post=1704"}],"curies":[{"name":"wp","href":"https:\/\/api.w.org\/{rel}","templated":true}]}}