{"id":1663,"date":"2025-04-27T14:32:53","date_gmt":"2025-04-27T12:32:53","guid":{"rendered":"https:\/\/zonta-schwaebisch-gmuend.de\/?p=1663"},"modified":"2025-04-27T14:32:53","modified_gmt":"2025-04-27T12:32:53","slug":"neuer-vorstand-in-unserem-zonta-club","status":"publish","type":"post","link":"https:\/\/zonta-schwaebisch-gmuend.de\/index.php\/2025\/04\/27\/neuer-vorstand-in-unserem-zonta-club\/","title":{"rendered":"Neuer Vorstand in unserem Zonta-Club"},"content":{"rendered":"<p>Nach vielen engagierten Jahren wurden Dr. Karin Class als Schriftf\u00fchrerin und Juliane Maus als Schatzmeisterin aus ihren \u00c4mtern entlassen. Als kleines Dankesch\u00f6n \u00fcberreichte unsere Pr\u00e4sidentin Sabine Dombrowski-Riegert den beiden Zontians unsere gelbe Zonta-Rose. Wir m\u00f6chten uns herzlich f\u00fcr ihr gro\u00dfartiges Engagement bedanken!<\/p>\n<p><img decoding=\"async\" class=\"lazyload wp-image-1664 aligncenter\" src=\"https:\/\/zonta-schwaebisch-gmuend.de\/wp-content\/uploads\/2025\/04\/IMG_4197-1-734x1024.jpg\" data-orig-src=\"https:\/\/zonta-schwaebisch-gmuend.de\/wp-content\/uploads\/2025\/04\/IMG_4197-1-734x1024.jpg\" alt=\"\" width=\"247\" height=\"344\" srcset=\"data:image\/svg+xml,%3Csvg%20xmlns%3D%27http%3A%2F%2Fwww.w3.org%2F2000%2Fsvg%27%20width%3D%27247%27%20height%3D%27344%27%20viewBox%3D%270%200%20247%20344%27%3E%3Crect%20width%3D%27247%27%20height%3D%27344%27%20fill-opacity%3D%220%22%2F%3E%3C%2Fsvg%3E\" data-srcset=\"https:\/\/zonta-schwaebisch-gmuend.de\/wp-content\/uploads\/2025\/04\/IMG_4197-1-200x279.jpg 200w, https:\/\/zonta-schwaebisch-gmuend.de\/wp-content\/uploads\/2025\/04\/IMG_4197-1-215x300.jpg 215w, https:\/\/zonta-schwaebisch-gmuend.de\/wp-content\/uploads\/2025\/04\/IMG_4197-1-400x558.jpg 400w, https:\/\/zonta-schwaebisch-gmuend.de\/wp-content\/uploads\/2025\/04\/IMG_4197-1-600x838.jpg 600w, https:\/\/zonta-schwaebisch-gmuend.de\/wp-content\/uploads\/2025\/04\/IMG_4197-1-734x1024.jpg 734w, https:\/\/zonta-schwaebisch-gmuend.de\/wp-content\/uploads\/2025\/04\/IMG_4197-1-768x1072.jpg 768w, https:\/\/zonta-schwaebisch-gmuend.de\/wp-content\/uploads\/2025\/04\/IMG_4197-1-800x1117.jpg 800w, https:\/\/zonta-schwaebisch-gmuend.de\/wp-content\/uploads\/2025\/04\/IMG_4197-1.jpg 917w\" data-sizes=\"auto\" data-orig-sizes=\"(max-width: 247px) 100vw, 247px\" \/><\/p>\n<p>Von links: Dr. Karin Class, Sabine Dombrowski-Riegert, Juliane Maus<\/p>\n<p>Gleichzeitig wurde unser neuer Vorstand f\u00fcr das kommende Jahr gew\u00e4hlt. Sabine Dombrowski-Riegert bleibt weiterhin Pr\u00e4sidentin, Claudia Langenbacher \u00fcbernimmt die Position der Vize-Pr\u00e4sidentin. Neu im Team sind Kathi Kausche als Schatzmeisterin und Marianna D\u00fcrrich als Protokollf\u00fchrerin. Wir freuen uns auf die Zusammenarbeit mit der neuen Vorstandsmannschaft im Zonta-Jahr 2025\/2026!<\/p>\n<p><img decoding=\"async\" class=\"lazyload wp-image-1665 aligncenter\" src=\"https:\/\/zonta-schwaebisch-gmuend.de\/wp-content\/uploads\/2025\/04\/IMG_4196-727x1024.jpg\" data-orig-src=\"https:\/\/zonta-schwaebisch-gmuend.de\/wp-content\/uploads\/2025\/04\/IMG_4196-727x1024.jpg\" alt=\"\" width=\"242\" height=\"340\" srcset=\"data:image\/svg+xml,%3Csvg%20xmlns%3D%27http%3A%2F%2Fwww.w3.org%2F2000%2Fsvg%27%20width%3D%27242%27%20height%3D%27340%27%20viewBox%3D%270%200%20242%20340%27%3E%3Crect%20width%3D%27242%27%20height%3D%27340%27%20fill-opacity%3D%220%22%2F%3E%3C%2Fsvg%3E\" data-srcset=\"https:\/\/zonta-schwaebisch-gmuend.de\/wp-content\/uploads\/2025\/04\/IMG_4196-200x282.jpg 200w, https:\/\/zonta-schwaebisch-gmuend.de\/wp-content\/uploads\/2025\/04\/IMG_4196-213x300.jpg 213w, https:\/\/zonta-schwaebisch-gmuend.de\/wp-content\/uploads\/2025\/04\/IMG_4196-400x563.jpg 400w, https:\/\/zonta-schwaebisch-gmuend.de\/wp-content\/uploads\/2025\/04\/IMG_4196-600x845.jpg 600w, https:\/\/zonta-schwaebisch-gmuend.de\/wp-content\/uploads\/2025\/04\/IMG_4196-727x1024.jpg 727w, https:\/\/zonta-schwaebisch-gmuend.de\/wp-content\/uploads\/2025\/04\/IMG_4196-768x1081.jpg 768w, https:\/\/zonta-schwaebisch-gmuend.de\/wp-content\/uploads\/2025\/04\/IMG_4196-800x1127.jpg 800w, https:\/\/zonta-schwaebisch-gmuend.de\/wp-content\/uploads\/2025\/04\/IMG_4196.jpg 909w\" data-sizes=\"auto\" data-orig-sizes=\"(max-width: 242px) 100vw, 242px\" \/><\/p>\n<p>Von links:<br \/>\nKathi Kausche, Sabine Dombrowski-Riegert, Claudia Langenbacher, Marianna D\u00fcrrich<\/p>\n","protected":false},"excerpt":{"rendered":"<p>Nach vielen engagierten Jahren wurden Dr. Karin Class als Schriftf\u00fchrerin<\/p>\n","protected":false},"author":2,"featured_media":0,"comment_status":"open","ping_status":"open","sticky":false,"template":"","format":"standard","meta":{"footnotes":""},"categories":[43],"tags":[],"class_list":["post-1663","post","type-post","status-publish","format-standard","hentry","category-clubleben"],"yoast_head":"<!-- This site is optimized with the Yoast SEO plugin v27.2 - https:\/\/yoast.com\/product\/yoast-seo-wordpress\/ -->\n<title>Neuer Vorstand in unserem Zonta-Club - Zonta Club Schw\u00e4bisch Gm\u00fcnd e.V.<\/title>\n<meta name=\"robots\" content=\"index, follow, max-snippet:-1, max-image-preview:large, max-video-preview:-1\" \/>\n<link rel=\"canonical\" href=\"https:\/\/zonta-schwaebisch-gmuend.de\/index.php\/2025\/04\/27\/neuer-vorstand-in-unserem-zonta-club\/\" \/>\n<meta property=\"og:locale\" content=\"de_DE\" \/>\n<meta property=\"og:type\" content=\"article\" \/>\n<meta property=\"og:title\" content=\"Neuer Vorstand in unserem Zonta-Club - Zonta Club Schw\u00e4bisch Gm\u00fcnd e.V.\" \/>\n<meta property=\"og:description\" content=\"Nach vielen engagierten Jahren wurden Dr. Karin Class als Schriftf\u00fchrerin\" \/>\n<meta property=\"og:url\" content=\"https:\/\/zonta-schwaebisch-gmuend.de\/index.php\/2025\/04\/27\/neuer-vorstand-in-unserem-zonta-club\/\" \/>\n<meta property=\"og:site_name\" content=\"Zonta Club Schw\u00e4bisch Gm\u00fcnd e.V.\" \/>\n<meta property=\"article:published_time\" content=\"2025-04-27T12:32:53+00:00\" \/>\n<meta property=\"og:image\" content=\"https:\/\/zonta-schwaebisch-gmuend.de\/wp-content\/uploads\/2025\/04\/IMG_4197-1.jpg\" \/>\n\t<meta property=\"og:image:width\" content=\"917\" \/>\n\t<meta property=\"og:image:height\" content=\"1280\" \/>\n\t<meta property=\"og:image:type\" content=\"image\/jpeg\" \/>\n<meta name=\"author\" content=\"Claudia Langenbacher\" \/>\n<meta name=\"twitter:card\" content=\"summary_large_image\" \/>\n<meta name=\"twitter:label1\" content=\"Geschrieben von\" \/>\n\t<meta name=\"twitter:data1\" content=\"Claudia Langenbacher\" \/>\n<script type=\"application\/ld+json\" class=\"yoast-schema-graph\">{\"@context\":\"https:\/\/schema.org\",\"@graph\":[{\"@type\":\"Article\",\"@id\":\"https:\/\/zonta-schwaebisch-gmuend.de\/index.php\/2025\/04\/27\/neuer-vorstand-in-unserem-zonta-club\/#article\",\"isPartOf\":{\"@id\":\"https:\/\/zonta-schwaebisch-gmuend.de\/index.php\/2025\/04\/27\/neuer-vorstand-in-unserem-zonta-club\/\"},\"author\":{\"name\":\"Claudia Langenbacher\",\"@id\":\"https:\/\/zonta-schwaebisch-gmuend.de\/#\/schema\/person\/df9e2767c1e8e3e8466de6226364e48b\"},\"headline\":\"Neuer Vorstand in unserem Zonta-Club\",\"datePublished\":\"2025-04-27T12:32:53+00:00\",\"mainEntityOfPage\":{\"@id\":\"https:\/\/zonta-schwaebisch-gmuend.de\/index.php\/2025\/04\/27\/neuer-vorstand-in-unserem-zonta-club\/\"},\"wordCount\":126,\"commentCount\":0,\"publisher\":{\"@id\":\"https:\/\/zonta-schwaebisch-gmuend.de\/#organization\"},\"image\":{\"@id\":\"https:\/\/zonta-schwaebisch-gmuend.de\/index.php\/2025\/04\/27\/neuer-vorstand-in-unserem-zonta-club\/#primaryimage\"},\"thumbnailUrl\":\"https:\/\/zonta-schwaebisch-gmuend.de\/wp-content\/uploads\/2025\/04\/IMG_4197-1-734x1024.jpg\",\"articleSection\":[\"Clubleben\"],\"inLanguage\":\"de\",\"potentialAction\":[{\"@type\":\"CommentAction\",\"name\":\"Comment\",\"target\":[\"https:\/\/zonta-schwaebisch-gmuend.de\/index.php\/2025\/04\/27\/neuer-vorstand-in-unserem-zonta-club\/#respond\"]}]},{\"@type\":\"WebPage\",\"@id\":\"https:\/\/zonta-schwaebisch-gmuend.de\/index.php\/2025\/04\/27\/neuer-vorstand-in-unserem-zonta-club\/\",\"url\":\"https:\/\/zonta-schwaebisch-gmuend.de\/index.php\/2025\/04\/27\/neuer-vorstand-in-unserem-zonta-club\/\",\"name\":\"Neuer Vorstand in unserem Zonta-Club - Zonta Club Schw\u00e4bisch Gm\u00fcnd e.V.\",\"isPartOf\":{\"@id\":\"https:\/\/zonta-schwaebisch-gmuend.de\/#website\"},\"primaryImageOfPage\":{\"@id\":\"https:\/\/zonta-schwaebisch-gmuend.de\/index.php\/2025\/04\/27\/neuer-vorstand-in-unserem-zonta-club\/#primaryimage\"},\"image\":{\"@id\":\"https:\/\/zonta-schwaebisch-gmuend.de\/index.php\/2025\/04\/27\/neuer-vorstand-in-unserem-zonta-club\/#primaryimage\"},\"thumbnailUrl\":\"https:\/\/zonta-schwaebisch-gmuend.de\/wp-content\/uploads\/2025\/04\/IMG_4197-1-734x1024.jpg\",\"datePublished\":\"2025-04-27T12:32:53+00:00\",\"breadcrumb\":{\"@id\":\"https:\/\/zonta-schwaebisch-gmuend.de\/index.php\/2025\/04\/27\/neuer-vorstand-in-unserem-zonta-club\/#breadcrumb\"},\"inLanguage\":\"de\",\"potentialAction\":[{\"@type\":\"ReadAction\",\"target\":[\"https:\/\/zonta-schwaebisch-gmuend.de\/index.php\/2025\/04\/27\/neuer-vorstand-in-unserem-zonta-club\/\"]}]},{\"@type\":\"ImageObject\",\"inLanguage\":\"de\",\"@id\":\"https:\/\/zonta-schwaebisch-gmuend.de\/index.php\/2025\/04\/27\/neuer-vorstand-in-unserem-zonta-club\/#primaryimage\",\"url\":\"https:\/\/zonta-schwaebisch-gmuend.de\/wp-content\/uploads\/2025\/04\/IMG_4197-1.jpg\",\"contentUrl\":\"https:\/\/zonta-schwaebisch-gmuend.de\/wp-content\/uploads\/2025\/04\/IMG_4197-1.jpg\",\"width\":917,\"height\":1280},{\"@type\":\"BreadcrumbList\",\"@id\":\"https:\/\/zonta-schwaebisch-gmuend.de\/index.php\/2025\/04\/27\/neuer-vorstand-in-unserem-zonta-club\/#breadcrumb\",\"itemListElement\":[{\"@type\":\"ListItem\",\"position\":1,\"name\":\"Startseite\",\"item\":\"https:\/\/zonta-schwaebisch-gmuend.de\/\"},{\"@type\":\"ListItem\",\"position\":2,\"name\":\"Neuer Vorstand in unserem Zonta-Club\"}]},{\"@type\":\"WebSite\",\"@id\":\"https:\/\/zonta-schwaebisch-gmuend.de\/#website\",\"url\":\"https:\/\/zonta-schwaebisch-gmuend.de\/\",\"name\":\"Zonta Club Schw\u00e4bisch Gm\u00fcnd e.V.\",\"description\":\"\",\"publisher\":{\"@id\":\"https:\/\/zonta-schwaebisch-gmuend.de\/#organization\"},\"potentialAction\":[{\"@type\":\"SearchAction\",\"target\":{\"@type\":\"EntryPoint\",\"urlTemplate\":\"https:\/\/zonta-schwaebisch-gmuend.de\/?s={search_term_string}\"},\"query-input\":{\"@type\":\"PropertyValueSpecification\",\"valueRequired\":true,\"valueName\":\"search_term_string\"}}],\"inLanguage\":\"de\"},{\"@type\":\"Organization\",\"@id\":\"https:\/\/zonta-schwaebisch-gmuend.de\/#organization\",\"name\":\"Zonta Club Schw\u00e4bisch Gm\u00fcnd e.V.\",\"url\":\"https:\/\/zonta-schwaebisch-gmuend.de\/\",\"logo\":{\"@type\":\"ImageObject\",\"inLanguage\":\"de\",\"@id\":\"https:\/\/zonta-schwaebisch-gmuend.de\/#\/schema\/logo\/image\/\",\"url\":\"https:\/\/zonta-schwaebisch-gmuend.de\/wp-content\/uploads\/2023\/08\/Zonta-Club-of-Schwaebisch-Gmuend-Logo_New-Tag_Horizontal_Color-2.png\",\"contentUrl\":\"https:\/\/zonta-schwaebisch-gmuend.de\/wp-content\/uploads\/2023\/08\/Zonta-Club-of-Schwaebisch-Gmuend-Logo_New-Tag_Horizontal_Color-2.png\",\"width\":4738,\"height\":1546,\"caption\":\"Zonta Club Schw\u00e4bisch Gm\u00fcnd e.V.\"},\"image\":{\"@id\":\"https:\/\/zonta-schwaebisch-gmuend.de\/#\/schema\/logo\/image\/\"},\"sameAs\":[\"https:\/\/www.instagram.com\/zontaschwaebischgmuend\/\"]},{\"@type\":\"Person\",\"@id\":\"https:\/\/zonta-schwaebisch-gmuend.de\/#\/schema\/person\/df9e2767c1e8e3e8466de6226364e48b\",\"name\":\"Claudia Langenbacher\",\"image\":{\"@type\":\"ImageObject\",\"inLanguage\":\"de\",\"@id\":\"https:\/\/secure.gravatar.com\/avatar\/dc118795df76bc49ba198fba6c16b5db3793711a29782b55e0636072dc202cd6?s=96&d=mm&r=g\",\"url\":\"https:\/\/secure.gravatar.com\/avatar\/dc118795df76bc49ba198fba6c16b5db3793711a29782b55e0636072dc202cd6?s=96&d=mm&r=g\",\"contentUrl\":\"https:\/\/secure.gravatar.com\/avatar\/dc118795df76bc49ba198fba6c16b5db3793711a29782b55e0636072dc202cd6?s=96&d=mm&r=g\",\"caption\":\"Claudia Langenbacher\"},\"url\":\"https:\/\/zonta-schwaebisch-gmuend.de\/index.php\/author\/clangenbacher\/\"}]}<\/script>\n<!-- \/ Yoast SEO plugin. -->","yoast_head_json":{"title":"Neuer Vorstand in unserem Zonta-Club - Zonta Club Schw\u00e4bisch Gm\u00fcnd e.V.","robots":{"index":"index","follow":"follow","max-snippet":"max-snippet:-1","max-image-preview":"max-image-preview:large","max-video-preview":"max-video-preview:-1"},"canonical":"https:\/\/zonta-schwaebisch-gmuend.de\/index.php\/2025\/04\/27\/neuer-vorstand-in-unserem-zonta-club\/","og_locale":"de_DE","og_type":"article","og_title":"Neuer Vorstand in unserem Zonta-Club - Zonta Club Schw\u00e4bisch Gm\u00fcnd e.V.","og_description":"Nach vielen engagierten Jahren wurden Dr. Karin Class als Schriftf\u00fchrerin","og_url":"https:\/\/zonta-schwaebisch-gmuend.de\/index.php\/2025\/04\/27\/neuer-vorstand-in-unserem-zonta-club\/","og_site_name":"Zonta Club Schw\u00e4bisch Gm\u00fcnd e.V.","article_published_time":"2025-04-27T12:32:53+00:00","og_image":[{"width":917,"height":1280,"url":"https:\/\/zonta-schwaebisch-gmuend.de\/wp-content\/uploads\/2025\/04\/IMG_4197-1.jpg","type":"image\/jpeg"}],"author":"Claudia Langenbacher","twitter_card":"summary_large_image","twitter_misc":{"Geschrieben von":"Claudia Langenbacher"},"schema":{"@context":"https:\/\/schema.org","@graph":[{"@type":"Article","@id":"https:\/\/zonta-schwaebisch-gmuend.de\/index.php\/2025\/04\/27\/neuer-vorstand-in-unserem-zonta-club\/#article","isPartOf":{"@id":"https:\/\/zonta-schwaebisch-gmuend.de\/index.php\/2025\/04\/27\/neuer-vorstand-in-unserem-zonta-club\/"},"author":{"name":"Claudia Langenbacher","@id":"https:\/\/zonta-schwaebisch-gmuend.de\/#\/schema\/person\/df9e2767c1e8e3e8466de6226364e48b"},"headline":"Neuer Vorstand in unserem Zonta-Club","datePublished":"2025-04-27T12:32:53+00:00","mainEntityOfPage":{"@id":"https:\/\/zonta-schwaebisch-gmuend.de\/index.php\/2025\/04\/27\/neuer-vorstand-in-unserem-zonta-club\/"},"wordCount":126,"commentCount":0,"publisher":{"@id":"https:\/\/zonta-schwaebisch-gmuend.de\/#organization"},"image":{"@id":"https:\/\/zonta-schwaebisch-gmuend.de\/index.php\/2025\/04\/27\/neuer-vorstand-in-unserem-zonta-club\/#primaryimage"},"thumbnailUrl":"https:\/\/zonta-schwaebisch-gmuend.de\/wp-content\/uploads\/2025\/04\/IMG_4197-1-734x1024.jpg","articleSection":["Clubleben"],"inLanguage":"de","potentialAction":[{"@type":"CommentAction","name":"Comment","target":["https:\/\/zonta-schwaebisch-gmuend.de\/index.php\/2025\/04\/27\/neuer-vorstand-in-unserem-zonta-club\/#respond"]}]},{"@type":"WebPage","@id":"https:\/\/zonta-schwaebisch-gmuend.de\/index.php\/2025\/04\/27\/neuer-vorstand-in-unserem-zonta-club\/","url":"https:\/\/zonta-schwaebisch-gmuend.de\/index.php\/2025\/04\/27\/neuer-vorstand-in-unserem-zonta-club\/","name":"Neuer Vorstand in unserem Zonta-Club - Zonta Club Schw\u00e4bisch Gm\u00fcnd e.V.","isPartOf":{"@id":"https:\/\/zonta-schwaebisch-gmuend.de\/#website"},"primaryImageOfPage":{"@id":"https:\/\/zonta-schwaebisch-gmuend.de\/index.php\/2025\/04\/27\/neuer-vorstand-in-unserem-zonta-club\/#primaryimage"},"image":{"@id":"https:\/\/zonta-schwaebisch-gmuend.de\/index.php\/2025\/04\/27\/neuer-vorstand-in-unserem-zonta-club\/#primaryimage"},"thumbnailUrl":"https:\/\/zonta-schwaebisch-gmuend.de\/wp-content\/uploads\/2025\/04\/IMG_4197-1-734x1024.jpg","datePublished":"2025-04-27T12:32:53+00:00","breadcrumb":{"@id":"https:\/\/zonta-schwaebisch-gmuend.de\/index.php\/2025\/04\/27\/neuer-vorstand-in-unserem-zonta-club\/#breadcrumb"},"inLanguage":"de","potentialAction":[{"@type":"ReadAction","target":["https:\/\/zonta-schwaebisch-gmuend.de\/index.php\/2025\/04\/27\/neuer-vorstand-in-unserem-zonta-club\/"]}]},{"@type":"ImageObject","inLanguage":"de","@id":"https:\/\/zonta-schwaebisch-gmuend.de\/index.php\/2025\/04\/27\/neuer-vorstand-in-unserem-zonta-club\/#primaryimage","url":"https:\/\/zonta-schwaebisch-gmuend.de\/wp-content\/uploads\/2025\/04\/IMG_4197-1.jpg","contentUrl":"https:\/\/zonta-schwaebisch-gmuend.de\/wp-content\/uploads\/2025\/04\/IMG_4197-1.jpg","width":917,"height":1280},{"@type":"BreadcrumbList","@id":"https:\/\/zonta-schwaebisch-gmuend.de\/index.php\/2025\/04\/27\/neuer-vorstand-in-unserem-zonta-club\/#breadcrumb","itemListElement":[{"@type":"ListItem","position":1,"name":"Startseite","item":"https:\/\/zonta-schwaebisch-gmuend.de\/"},{"@type":"ListItem","position":2,"name":"Neuer Vorstand in unserem Zonta-Club"}]},{"@type":"WebSite","@id":"https:\/\/zonta-schwaebisch-gmuend.de\/#website","url":"https:\/\/zonta-schwaebisch-gmuend.de\/","name":"Zonta Club Schw\u00e4bisch Gm\u00fcnd e.V.","description":"","publisher":{"@id":"https:\/\/zonta-schwaebisch-gmuend.de\/#organization"},"potentialAction":[{"@type":"SearchAction","target":{"@type":"EntryPoint","urlTemplate":"https:\/\/zonta-schwaebisch-gmuend.de\/?s={search_term_string}"},"query-input":{"@type":"PropertyValueSpecification","valueRequired":true,"valueName":"search_term_string"}}],"inLanguage":"de"},{"@type":"Organization","@id":"https:\/\/zonta-schwaebisch-gmuend.de\/#organization","name":"Zonta Club Schw\u00e4bisch Gm\u00fcnd e.V.","url":"https:\/\/zonta-schwaebisch-gmuend.de\/","logo":{"@type":"ImageObject","inLanguage":"de","@id":"https:\/\/zonta-schwaebisch-gmuend.de\/#\/schema\/logo\/image\/","url":"https:\/\/zonta-schwaebisch-gmuend.de\/wp-content\/uploads\/2023\/08\/Zonta-Club-of-Schwaebisch-Gmuend-Logo_New-Tag_Horizontal_Color-2.png","contentUrl":"https:\/\/zonta-schwaebisch-gmuend.de\/wp-content\/uploads\/2023\/08\/Zonta-Club-of-Schwaebisch-Gmuend-Logo_New-Tag_Horizontal_Color-2.png","width":4738,"height":1546,"caption":"Zonta Club Schw\u00e4bisch Gm\u00fcnd e.V."},"image":{"@id":"https:\/\/zonta-schwaebisch-gmuend.de\/#\/schema\/logo\/image\/"},"sameAs":["https:\/\/www.instagram.com\/zontaschwaebischgmuend\/"]},{"@type":"Person","@id":"https:\/\/zonta-schwaebisch-gmuend.de\/#\/schema\/person\/df9e2767c1e8e3e8466de6226364e48b","name":"Claudia Langenbacher","image":{"@type":"ImageObject","inLanguage":"de","@id":"https:\/\/secure.gravatar.com\/avatar\/dc118795df76bc49ba198fba6c16b5db3793711a29782b55e0636072dc202cd6?s=96&d=mm&r=g","url":"https:\/\/secure.gravatar.com\/avatar\/dc118795df76bc49ba198fba6c16b5db3793711a29782b55e0636072dc202cd6?s=96&d=mm&r=g","contentUrl":"https:\/\/secure.gravatar.com\/avatar\/dc118795df76bc49ba198fba6c16b5db3793711a29782b55e0636072dc202cd6?s=96&d=mm&r=g","caption":"Claudia Langenbacher"},"url":"https:\/\/zonta-schwaebisch-gmuend.de\/index.php\/author\/clangenbacher\/"}]}},"_links":{"self":[{"href":"https:\/\/zonta-schwaebisch-gmuend.de\/index.php\/wp-json\/wp\/v2\/posts\/1663","targetHints":{"allow":["GET"]}}],"collection":[{"href":"https:\/\/zonta-schwaebisch-gmuend.de\/index.php\/wp-json\/wp\/v2\/posts"}],"about":[{"href":"https:\/\/zonta-schwaebisch-gmuend.de\/index.php\/wp-json\/wp\/v2\/types\/post"}],"author":[{"embeddable":true,"href":"https:\/\/zonta-schwaebisch-gmuend.de\/index.php\/wp-json\/wp\/v2\/users\/2"}],"replies":[{"embeddable":true,"href":"https:\/\/zonta-schwaebisch-gmuend.de\/index.php\/wp-json\/wp\/v2\/comments?post=1663"}],"version-history":[{"count":1,"href":"https:\/\/zonta-schwaebisch-gmuend.de\/index.php\/wp-json\/wp\/v2\/posts\/1663\/revisions"}],"predecessor-version":[{"id":1666,"href":"https:\/\/zonta-schwaebisch-gmuend.de\/index.php\/wp-json\/wp\/v2\/posts\/1663\/revisions\/1666"}],"wp:attachment":[{"href":"https:\/\/zonta-schwaebisch-gmuend.de\/index.php\/wp-json\/wp\/v2\/media?parent=1663"}],"wp:term":[{"taxonomy":"category","embeddable":true,"href":"https:\/\/zonta-schwaebisch-gmuend.de\/index.php\/wp-json\/wp\/v2\/categories?post=1663"},{"taxonomy":"post_tag","embeddable":true,"href":"https:\/\/zonta-schwaebisch-gmuend.de\/index.php\/wp-json\/wp\/v2\/tags?post=1663"}],"curies":[{"name":"wp","href":"https:\/\/api.w.org\/{rel}","templated":true}]}}