{"id":1622,"date":"2025-03-13T18:54:13","date_gmt":"2025-03-13T17:54:13","guid":{"rendered":"https:\/\/zonta-schwaebisch-gmuend.de\/?p=1622"},"modified":"2025-03-13T19:00:00","modified_gmt":"2025-03-13T18:00:00","slug":"spendenuebergabe-fuer-die-projekte-gmuend-isst-besser-und-lichtblicke-am-11-maerz-2025","status":"publish","type":"post","link":"https:\/\/zonta-schwaebisch-gmuend.de\/index.php\/2025\/03\/13\/spendenuebergabe-fuer-die-projekte-gmuend-isst-besser-und-lichtblicke-am-11-maerz-2025\/","title":{"rendered":"Spenden\u00fcbergabe f\u00fcr die Projekte &#8222;Gm\u00fcnd isst besser&#8220; und &#8222;Lichtblicke&#8220; am 11.03.2025"},"content":{"rendered":"<p>Am Dienstag, 11. M\u00e4rz, \u00fcberreichte unsere Pr\u00e4sidentin, Sabine Dombrowski-Riegert, dem Ersten B\u00fcrgermeister Christian Baron eine gro\u00dfz\u00fcgige Spende in H\u00f6he von 1.800 Euro. Davon sind 300 Euro f\u00fcr das Projekt \u201eGm\u00fcnd isst besser\u201c bestimmt. Hier werden die Wintertreffs in verschiedenen Stadtteilen als Zeichen des Zusammenhalts in schwierigen Zeiten unterst\u00fctzt. Suppen und Eint\u00f6pfe sowie Kaffee und Tee sind kostenlos.<\/p>\n<p>Die restlichen 1.500 Euro gehen an das Projekt &#8222;Lichtblicke&#8220;. Hierbei unterst\u00fctzt die Spitalm\u00fchle Schw\u00e4bisch Gm\u00fcnd seit Jahren \u00e4ltere B\u00fcrgerinnen und B\u00fcrger, die an der Armutsgrenze leben.<\/p>\n<p><img decoding=\"async\" class=\"lazyload alignnone wp-image-1623\" src=\"https:\/\/zonta-schwaebisch-gmuend.de\/wp-content\/uploads\/2025\/03\/IMG_4003-1024x740.jpg\" data-orig-src=\"https:\/\/zonta-schwaebisch-gmuend.de\/wp-content\/uploads\/2025\/03\/IMG_4003-1024x740.jpg\" alt=\"\" width=\"452\" height=\"327\" srcset=\"data:image\/svg+xml,%3Csvg%20xmlns%3D%27http%3A%2F%2Fwww.w3.org%2F2000%2Fsvg%27%20width%3D%27452%27%20height%3D%27327%27%20viewBox%3D%270%200%20452%20327%27%3E%3Crect%20width%3D%27452%27%20height%3D%27327%27%20fill-opacity%3D%220%22%2F%3E%3C%2Fsvg%3E\" data-srcset=\"https:\/\/zonta-schwaebisch-gmuend.de\/wp-content\/uploads\/2025\/03\/IMG_4003-200x145.jpg 200w, https:\/\/zonta-schwaebisch-gmuend.de\/wp-content\/uploads\/2025\/03\/IMG_4003-300x217.jpg 300w, https:\/\/zonta-schwaebisch-gmuend.de\/wp-content\/uploads\/2025\/03\/IMG_4003-400x289.jpg 400w, https:\/\/zonta-schwaebisch-gmuend.de\/wp-content\/uploads\/2025\/03\/IMG_4003-600x434.jpg 600w, https:\/\/zonta-schwaebisch-gmuend.de\/wp-content\/uploads\/2025\/03\/IMG_4003-768x555.jpg 768w, https:\/\/zonta-schwaebisch-gmuend.de\/wp-content\/uploads\/2025\/03\/IMG_4003-800x578.jpg 800w, https:\/\/zonta-schwaebisch-gmuend.de\/wp-content\/uploads\/2025\/03\/IMG_4003-1024x740.jpg 1024w, https:\/\/zonta-schwaebisch-gmuend.de\/wp-content\/uploads\/2025\/03\/IMG_4003-1200x867.jpg 1200w, https:\/\/zonta-schwaebisch-gmuend.de\/wp-content\/uploads\/2025\/03\/IMG_4003.jpg 1280w\" data-sizes=\"auto\" data-orig-sizes=\"(max-width: 452px) 100vw, 452px\" \/><\/p>\n<p>Bildunterschrift von links:<br \/>\nChrista Barei\u00df, Fachbereichsleitung Stadtteilarbeit, Gaby Thuma, Zonta Club Schw\u00e4bisch Gm\u00fcnd e.V., Pr\u00e4sidentin Sabine Dombrowski-Riegert, Zonta Club Schw\u00e4bisch Gm\u00fcnd e.V., Renate Wahl, Fachbereichsleitung Senioren und Erster B\u00fcrgermeister Christian Baron<\/p>\n","protected":false},"excerpt":{"rendered":"<p>Am Dienstag, 11. M\u00e4rz, \u00fcberreichte unsere Pr\u00e4sidentin, Sabine Dombrowski-Riegert, dem<\/p>\n","protected":false},"author":2,"featured_media":0,"comment_status":"open","ping_status":"open","sticky":false,"template":"","format":"standard","meta":{"footnotes":""},"categories":[42],"tags":[],"class_list":["post-1622","post","type-post","status-publish","format-standard","hentry","category-presseevents"],"yoast_head":"<!-- This site is optimized with the Yoast SEO plugin v27.2 - https:\/\/yoast.com\/product\/yoast-seo-wordpress\/ -->\n<title>Spenden\u00fcbergabe f\u00fcr die Projekte &quot;Gm\u00fcnd isst besser&quot; und &quot;Lichtblicke&quot; am 11.03.2025 - Zonta Club Schw\u00e4bisch Gm\u00fcnd e.V.<\/title>\n<meta name=\"robots\" content=\"index, follow, max-snippet:-1, max-image-preview:large, max-video-preview:-1\" \/>\n<link rel=\"canonical\" href=\"https:\/\/zonta-schwaebisch-gmuend.de\/index.php\/2025\/03\/13\/spendenuebergabe-fuer-die-projekte-gmuend-isst-besser-und-lichtblicke-am-11-maerz-2025\/\" \/>\n<meta property=\"og:locale\" content=\"de_DE\" \/>\n<meta property=\"og:type\" content=\"article\" \/>\n<meta property=\"og:title\" content=\"Spenden\u00fcbergabe f\u00fcr die Projekte &quot;Gm\u00fcnd isst besser&quot; und &quot;Lichtblicke&quot; am 11.03.2025 - Zonta Club Schw\u00e4bisch Gm\u00fcnd e.V.\" \/>\n<meta property=\"og:description\" content=\"Am Dienstag, 11. M\u00e4rz, \u00fcberreichte unsere Pr\u00e4sidentin, Sabine Dombrowski-Riegert, dem\" \/>\n<meta property=\"og:url\" content=\"https:\/\/zonta-schwaebisch-gmuend.de\/index.php\/2025\/03\/13\/spendenuebergabe-fuer-die-projekte-gmuend-isst-besser-und-lichtblicke-am-11-maerz-2025\/\" \/>\n<meta property=\"og:site_name\" content=\"Zonta Club Schw\u00e4bisch Gm\u00fcnd e.V.\" \/>\n<meta property=\"article:published_time\" content=\"2025-03-13T17:54:13+00:00\" \/>\n<meta property=\"article:modified_time\" content=\"2025-03-13T18:00:00+00:00\" \/>\n<meta property=\"og:image\" content=\"https:\/\/zonta-schwaebisch-gmuend.de\/wp-content\/uploads\/2025\/03\/IMG_4003.jpg\" \/>\n\t<meta property=\"og:image:width\" content=\"1280\" \/>\n\t<meta property=\"og:image:height\" content=\"925\" \/>\n\t<meta property=\"og:image:type\" content=\"image\/jpeg\" \/>\n<meta name=\"author\" content=\"Claudia Langenbacher\" \/>\n<meta name=\"twitter:card\" content=\"summary_large_image\" \/>\n<meta name=\"twitter:label1\" content=\"Geschrieben von\" \/>\n\t<meta name=\"twitter:data1\" content=\"Claudia Langenbacher\" \/>\n\t<meta name=\"twitter:label2\" content=\"Gesch\u00e4tzte Lesezeit\" \/>\n\t<meta name=\"twitter:data2\" content=\"1\u00a0Minute\" \/>\n<script type=\"application\/ld+json\" class=\"yoast-schema-graph\">{\"@context\":\"https:\/\/schema.org\",\"@graph\":[{\"@type\":\"Article\",\"@id\":\"https:\/\/zonta-schwaebisch-gmuend.de\/index.php\/2025\/03\/13\/spendenuebergabe-fuer-die-projekte-gmuend-isst-besser-und-lichtblicke-am-11-maerz-2025\/#article\",\"isPartOf\":{\"@id\":\"https:\/\/zonta-schwaebisch-gmuend.de\/index.php\/2025\/03\/13\/spendenuebergabe-fuer-die-projekte-gmuend-isst-besser-und-lichtblicke-am-11-maerz-2025\/\"},\"author\":{\"name\":\"Claudia Langenbacher\",\"@id\":\"https:\/\/zonta-schwaebisch-gmuend.de\/#\/schema\/person\/df9e2767c1e8e3e8466de6226364e48b\"},\"headline\":\"Spenden\u00fcbergabe f\u00fcr die Projekte &#8222;Gm\u00fcnd isst besser&#8220; und &#8222;Lichtblicke&#8220; am 11.03.2025\",\"datePublished\":\"2025-03-13T17:54:13+00:00\",\"dateModified\":\"2025-03-13T18:00:00+00:00\",\"mainEntityOfPage\":{\"@id\":\"https:\/\/zonta-schwaebisch-gmuend.de\/index.php\/2025\/03\/13\/spendenuebergabe-fuer-die-projekte-gmuend-isst-besser-und-lichtblicke-am-11-maerz-2025\/\"},\"wordCount\":147,\"commentCount\":0,\"publisher\":{\"@id\":\"https:\/\/zonta-schwaebisch-gmuend.de\/#organization\"},\"image\":{\"@id\":\"https:\/\/zonta-schwaebisch-gmuend.de\/index.php\/2025\/03\/13\/spendenuebergabe-fuer-die-projekte-gmuend-isst-besser-und-lichtblicke-am-11-maerz-2025\/#primaryimage\"},\"thumbnailUrl\":\"https:\/\/zonta-schwaebisch-gmuend.de\/wp-content\/uploads\/2025\/03\/IMG_4003-1024x740.jpg\",\"articleSection\":[\"PresseEvents\"],\"inLanguage\":\"de\",\"potentialAction\":[{\"@type\":\"CommentAction\",\"name\":\"Comment\",\"target\":[\"https:\/\/zonta-schwaebisch-gmuend.de\/index.php\/2025\/03\/13\/spendenuebergabe-fuer-die-projekte-gmuend-isst-besser-und-lichtblicke-am-11-maerz-2025\/#respond\"]}]},{\"@type\":\"WebPage\",\"@id\":\"https:\/\/zonta-schwaebisch-gmuend.de\/index.php\/2025\/03\/13\/spendenuebergabe-fuer-die-projekte-gmuend-isst-besser-und-lichtblicke-am-11-maerz-2025\/\",\"url\":\"https:\/\/zonta-schwaebisch-gmuend.de\/index.php\/2025\/03\/13\/spendenuebergabe-fuer-die-projekte-gmuend-isst-besser-und-lichtblicke-am-11-maerz-2025\/\",\"name\":\"Spenden\u00fcbergabe f\u00fcr die Projekte \\\"Gm\u00fcnd isst besser\\\" und \\\"Lichtblicke\\\" am 11.03.2025 - Zonta Club Schw\u00e4bisch Gm\u00fcnd e.V.\",\"isPartOf\":{\"@id\":\"https:\/\/zonta-schwaebisch-gmuend.de\/#website\"},\"primaryImageOfPage\":{\"@id\":\"https:\/\/zonta-schwaebisch-gmuend.de\/index.php\/2025\/03\/13\/spendenuebergabe-fuer-die-projekte-gmuend-isst-besser-und-lichtblicke-am-11-maerz-2025\/#primaryimage\"},\"image\":{\"@id\":\"https:\/\/zonta-schwaebisch-gmuend.de\/index.php\/2025\/03\/13\/spendenuebergabe-fuer-die-projekte-gmuend-isst-besser-und-lichtblicke-am-11-maerz-2025\/#primaryimage\"},\"thumbnailUrl\":\"https:\/\/zonta-schwaebisch-gmuend.de\/wp-content\/uploads\/2025\/03\/IMG_4003-1024x740.jpg\",\"datePublished\":\"2025-03-13T17:54:13+00:00\",\"dateModified\":\"2025-03-13T18:00:00+00:00\",\"breadcrumb\":{\"@id\":\"https:\/\/zonta-schwaebisch-gmuend.de\/index.php\/2025\/03\/13\/spendenuebergabe-fuer-die-projekte-gmuend-isst-besser-und-lichtblicke-am-11-maerz-2025\/#breadcrumb\"},\"inLanguage\":\"de\",\"potentialAction\":[{\"@type\":\"ReadAction\",\"target\":[\"https:\/\/zonta-schwaebisch-gmuend.de\/index.php\/2025\/03\/13\/spendenuebergabe-fuer-die-projekte-gmuend-isst-besser-und-lichtblicke-am-11-maerz-2025\/\"]}]},{\"@type\":\"ImageObject\",\"inLanguage\":\"de\",\"@id\":\"https:\/\/zonta-schwaebisch-gmuend.de\/index.php\/2025\/03\/13\/spendenuebergabe-fuer-die-projekte-gmuend-isst-besser-und-lichtblicke-am-11-maerz-2025\/#primaryimage\",\"url\":\"https:\/\/zonta-schwaebisch-gmuend.de\/wp-content\/uploads\/2025\/03\/IMG_4003.jpg\",\"contentUrl\":\"https:\/\/zonta-schwaebisch-gmuend.de\/wp-content\/uploads\/2025\/03\/IMG_4003.jpg\",\"width\":1280,\"height\":925},{\"@type\":\"BreadcrumbList\",\"@id\":\"https:\/\/zonta-schwaebisch-gmuend.de\/index.php\/2025\/03\/13\/spendenuebergabe-fuer-die-projekte-gmuend-isst-besser-und-lichtblicke-am-11-maerz-2025\/#breadcrumb\",\"itemListElement\":[{\"@type\":\"ListItem\",\"position\":1,\"name\":\"Startseite\",\"item\":\"https:\/\/zonta-schwaebisch-gmuend.de\/\"},{\"@type\":\"ListItem\",\"position\":2,\"name\":\"Spenden\u00fcbergabe f\u00fcr die Projekte &#8222;Gm\u00fcnd isst besser&#8220; und &#8222;Lichtblicke&#8220; am 11.03.2025\"}]},{\"@type\":\"WebSite\",\"@id\":\"https:\/\/zonta-schwaebisch-gmuend.de\/#website\",\"url\":\"https:\/\/zonta-schwaebisch-gmuend.de\/\",\"name\":\"Zonta Club Schw\u00e4bisch Gm\u00fcnd e.V.\",\"description\":\"\",\"publisher\":{\"@id\":\"https:\/\/zonta-schwaebisch-gmuend.de\/#organization\"},\"potentialAction\":[{\"@type\":\"SearchAction\",\"target\":{\"@type\":\"EntryPoint\",\"urlTemplate\":\"https:\/\/zonta-schwaebisch-gmuend.de\/?s={search_term_string}\"},\"query-input\":{\"@type\":\"PropertyValueSpecification\",\"valueRequired\":true,\"valueName\":\"search_term_string\"}}],\"inLanguage\":\"de\"},{\"@type\":\"Organization\",\"@id\":\"https:\/\/zonta-schwaebisch-gmuend.de\/#organization\",\"name\":\"Zonta Club Schw\u00e4bisch Gm\u00fcnd e.V.\",\"url\":\"https:\/\/zonta-schwaebisch-gmuend.de\/\",\"logo\":{\"@type\":\"ImageObject\",\"inLanguage\":\"de\",\"@id\":\"https:\/\/zonta-schwaebisch-gmuend.de\/#\/schema\/logo\/image\/\",\"url\":\"https:\/\/zonta-schwaebisch-gmuend.de\/wp-content\/uploads\/2023\/08\/Zonta-Club-of-Schwaebisch-Gmuend-Logo_New-Tag_Horizontal_Color-2.png\",\"contentUrl\":\"https:\/\/zonta-schwaebisch-gmuend.de\/wp-content\/uploads\/2023\/08\/Zonta-Club-of-Schwaebisch-Gmuend-Logo_New-Tag_Horizontal_Color-2.png\",\"width\":4738,\"height\":1546,\"caption\":\"Zonta Club Schw\u00e4bisch Gm\u00fcnd e.V.\"},\"image\":{\"@id\":\"https:\/\/zonta-schwaebisch-gmuend.de\/#\/schema\/logo\/image\/\"},\"sameAs\":[\"https:\/\/www.instagram.com\/zontaschwaebischgmuend\/\"]},{\"@type\":\"Person\",\"@id\":\"https:\/\/zonta-schwaebisch-gmuend.de\/#\/schema\/person\/df9e2767c1e8e3e8466de6226364e48b\",\"name\":\"Claudia Langenbacher\",\"image\":{\"@type\":\"ImageObject\",\"inLanguage\":\"de\",\"@id\":\"https:\/\/secure.gravatar.com\/avatar\/dc118795df76bc49ba198fba6c16b5db3793711a29782b55e0636072dc202cd6?s=96&d=mm&r=g\",\"url\":\"https:\/\/secure.gravatar.com\/avatar\/dc118795df76bc49ba198fba6c16b5db3793711a29782b55e0636072dc202cd6?s=96&d=mm&r=g\",\"contentUrl\":\"https:\/\/secure.gravatar.com\/avatar\/dc118795df76bc49ba198fba6c16b5db3793711a29782b55e0636072dc202cd6?s=96&d=mm&r=g\",\"caption\":\"Claudia Langenbacher\"},\"url\":\"https:\/\/zonta-schwaebisch-gmuend.de\/index.php\/author\/clangenbacher\/\"}]}<\/script>\n<!-- \/ Yoast SEO plugin. -->","yoast_head_json":{"title":"Spenden\u00fcbergabe f\u00fcr die Projekte \"Gm\u00fcnd isst besser\" und \"Lichtblicke\" am 11.03.2025 - Zonta Club Schw\u00e4bisch Gm\u00fcnd e.V.","robots":{"index":"index","follow":"follow","max-snippet":"max-snippet:-1","max-image-preview":"max-image-preview:large","max-video-preview":"max-video-preview:-1"},"canonical":"https:\/\/zonta-schwaebisch-gmuend.de\/index.php\/2025\/03\/13\/spendenuebergabe-fuer-die-projekte-gmuend-isst-besser-und-lichtblicke-am-11-maerz-2025\/","og_locale":"de_DE","og_type":"article","og_title":"Spenden\u00fcbergabe f\u00fcr die Projekte \"Gm\u00fcnd isst besser\" und \"Lichtblicke\" am 11.03.2025 - Zonta Club Schw\u00e4bisch Gm\u00fcnd e.V.","og_description":"Am Dienstag, 11. M\u00e4rz, \u00fcberreichte unsere Pr\u00e4sidentin, Sabine Dombrowski-Riegert, dem","og_url":"https:\/\/zonta-schwaebisch-gmuend.de\/index.php\/2025\/03\/13\/spendenuebergabe-fuer-die-projekte-gmuend-isst-besser-und-lichtblicke-am-11-maerz-2025\/","og_site_name":"Zonta Club Schw\u00e4bisch Gm\u00fcnd e.V.","article_published_time":"2025-03-13T17:54:13+00:00","article_modified_time":"2025-03-13T18:00:00+00:00","og_image":[{"width":1280,"height":925,"url":"https:\/\/zonta-schwaebisch-gmuend.de\/wp-content\/uploads\/2025\/03\/IMG_4003.jpg","type":"image\/jpeg"}],"author":"Claudia Langenbacher","twitter_card":"summary_large_image","twitter_misc":{"Geschrieben von":"Claudia Langenbacher","Gesch\u00e4tzte Lesezeit":"1\u00a0Minute"},"schema":{"@context":"https:\/\/schema.org","@graph":[{"@type":"Article","@id":"https:\/\/zonta-schwaebisch-gmuend.de\/index.php\/2025\/03\/13\/spendenuebergabe-fuer-die-projekte-gmuend-isst-besser-und-lichtblicke-am-11-maerz-2025\/#article","isPartOf":{"@id":"https:\/\/zonta-schwaebisch-gmuend.de\/index.php\/2025\/03\/13\/spendenuebergabe-fuer-die-projekte-gmuend-isst-besser-und-lichtblicke-am-11-maerz-2025\/"},"author":{"name":"Claudia Langenbacher","@id":"https:\/\/zonta-schwaebisch-gmuend.de\/#\/schema\/person\/df9e2767c1e8e3e8466de6226364e48b"},"headline":"Spenden\u00fcbergabe f\u00fcr die Projekte &#8222;Gm\u00fcnd isst besser&#8220; und &#8222;Lichtblicke&#8220; am 11.03.2025","datePublished":"2025-03-13T17:54:13+00:00","dateModified":"2025-03-13T18:00:00+00:00","mainEntityOfPage":{"@id":"https:\/\/zonta-schwaebisch-gmuend.de\/index.php\/2025\/03\/13\/spendenuebergabe-fuer-die-projekte-gmuend-isst-besser-und-lichtblicke-am-11-maerz-2025\/"},"wordCount":147,"commentCount":0,"publisher":{"@id":"https:\/\/zonta-schwaebisch-gmuend.de\/#organization"},"image":{"@id":"https:\/\/zonta-schwaebisch-gmuend.de\/index.php\/2025\/03\/13\/spendenuebergabe-fuer-die-projekte-gmuend-isst-besser-und-lichtblicke-am-11-maerz-2025\/#primaryimage"},"thumbnailUrl":"https:\/\/zonta-schwaebisch-gmuend.de\/wp-content\/uploads\/2025\/03\/IMG_4003-1024x740.jpg","articleSection":["PresseEvents"],"inLanguage":"de","potentialAction":[{"@type":"CommentAction","name":"Comment","target":["https:\/\/zonta-schwaebisch-gmuend.de\/index.php\/2025\/03\/13\/spendenuebergabe-fuer-die-projekte-gmuend-isst-besser-und-lichtblicke-am-11-maerz-2025\/#respond"]}]},{"@type":"WebPage","@id":"https:\/\/zonta-schwaebisch-gmuend.de\/index.php\/2025\/03\/13\/spendenuebergabe-fuer-die-projekte-gmuend-isst-besser-und-lichtblicke-am-11-maerz-2025\/","url":"https:\/\/zonta-schwaebisch-gmuend.de\/index.php\/2025\/03\/13\/spendenuebergabe-fuer-die-projekte-gmuend-isst-besser-und-lichtblicke-am-11-maerz-2025\/","name":"Spenden\u00fcbergabe f\u00fcr die Projekte \"Gm\u00fcnd isst besser\" und \"Lichtblicke\" am 11.03.2025 - Zonta Club Schw\u00e4bisch Gm\u00fcnd e.V.","isPartOf":{"@id":"https:\/\/zonta-schwaebisch-gmuend.de\/#website"},"primaryImageOfPage":{"@id":"https:\/\/zonta-schwaebisch-gmuend.de\/index.php\/2025\/03\/13\/spendenuebergabe-fuer-die-projekte-gmuend-isst-besser-und-lichtblicke-am-11-maerz-2025\/#primaryimage"},"image":{"@id":"https:\/\/zonta-schwaebisch-gmuend.de\/index.php\/2025\/03\/13\/spendenuebergabe-fuer-die-projekte-gmuend-isst-besser-und-lichtblicke-am-11-maerz-2025\/#primaryimage"},"thumbnailUrl":"https:\/\/zonta-schwaebisch-gmuend.de\/wp-content\/uploads\/2025\/03\/IMG_4003-1024x740.jpg","datePublished":"2025-03-13T17:54:13+00:00","dateModified":"2025-03-13T18:00:00+00:00","breadcrumb":{"@id":"https:\/\/zonta-schwaebisch-gmuend.de\/index.php\/2025\/03\/13\/spendenuebergabe-fuer-die-projekte-gmuend-isst-besser-und-lichtblicke-am-11-maerz-2025\/#breadcrumb"},"inLanguage":"de","potentialAction":[{"@type":"ReadAction","target":["https:\/\/zonta-schwaebisch-gmuend.de\/index.php\/2025\/03\/13\/spendenuebergabe-fuer-die-projekte-gmuend-isst-besser-und-lichtblicke-am-11-maerz-2025\/"]}]},{"@type":"ImageObject","inLanguage":"de","@id":"https:\/\/zonta-schwaebisch-gmuend.de\/index.php\/2025\/03\/13\/spendenuebergabe-fuer-die-projekte-gmuend-isst-besser-und-lichtblicke-am-11-maerz-2025\/#primaryimage","url":"https:\/\/zonta-schwaebisch-gmuend.de\/wp-content\/uploads\/2025\/03\/IMG_4003.jpg","contentUrl":"https:\/\/zonta-schwaebisch-gmuend.de\/wp-content\/uploads\/2025\/03\/IMG_4003.jpg","width":1280,"height":925},{"@type":"BreadcrumbList","@id":"https:\/\/zonta-schwaebisch-gmuend.de\/index.php\/2025\/03\/13\/spendenuebergabe-fuer-die-projekte-gmuend-isst-besser-und-lichtblicke-am-11-maerz-2025\/#breadcrumb","itemListElement":[{"@type":"ListItem","position":1,"name":"Startseite","item":"https:\/\/zonta-schwaebisch-gmuend.de\/"},{"@type":"ListItem","position":2,"name":"Spenden\u00fcbergabe f\u00fcr die Projekte &#8222;Gm\u00fcnd isst besser&#8220; und &#8222;Lichtblicke&#8220; am 11.03.2025"}]},{"@type":"WebSite","@id":"https:\/\/zonta-schwaebisch-gmuend.de\/#website","url":"https:\/\/zonta-schwaebisch-gmuend.de\/","name":"Zonta Club Schw\u00e4bisch Gm\u00fcnd e.V.","description":"","publisher":{"@id":"https:\/\/zonta-schwaebisch-gmuend.de\/#organization"},"potentialAction":[{"@type":"SearchAction","target":{"@type":"EntryPoint","urlTemplate":"https:\/\/zonta-schwaebisch-gmuend.de\/?s={search_term_string}"},"query-input":{"@type":"PropertyValueSpecification","valueRequired":true,"valueName":"search_term_string"}}],"inLanguage":"de"},{"@type":"Organization","@id":"https:\/\/zonta-schwaebisch-gmuend.de\/#organization","name":"Zonta Club Schw\u00e4bisch Gm\u00fcnd e.V.","url":"https:\/\/zonta-schwaebisch-gmuend.de\/","logo":{"@type":"ImageObject","inLanguage":"de","@id":"https:\/\/zonta-schwaebisch-gmuend.de\/#\/schema\/logo\/image\/","url":"https:\/\/zonta-schwaebisch-gmuend.de\/wp-content\/uploads\/2023\/08\/Zonta-Club-of-Schwaebisch-Gmuend-Logo_New-Tag_Horizontal_Color-2.png","contentUrl":"https:\/\/zonta-schwaebisch-gmuend.de\/wp-content\/uploads\/2023\/08\/Zonta-Club-of-Schwaebisch-Gmuend-Logo_New-Tag_Horizontal_Color-2.png","width":4738,"height":1546,"caption":"Zonta Club Schw\u00e4bisch Gm\u00fcnd e.V."},"image":{"@id":"https:\/\/zonta-schwaebisch-gmuend.de\/#\/schema\/logo\/image\/"},"sameAs":["https:\/\/www.instagram.com\/zontaschwaebischgmuend\/"]},{"@type":"Person","@id":"https:\/\/zonta-schwaebisch-gmuend.de\/#\/schema\/person\/df9e2767c1e8e3e8466de6226364e48b","name":"Claudia Langenbacher","image":{"@type":"ImageObject","inLanguage":"de","@id":"https:\/\/secure.gravatar.com\/avatar\/dc118795df76bc49ba198fba6c16b5db3793711a29782b55e0636072dc202cd6?s=96&d=mm&r=g","url":"https:\/\/secure.gravatar.com\/avatar\/dc118795df76bc49ba198fba6c16b5db3793711a29782b55e0636072dc202cd6?s=96&d=mm&r=g","contentUrl":"https:\/\/secure.gravatar.com\/avatar\/dc118795df76bc49ba198fba6c16b5db3793711a29782b55e0636072dc202cd6?s=96&d=mm&r=g","caption":"Claudia Langenbacher"},"url":"https:\/\/zonta-schwaebisch-gmuend.de\/index.php\/author\/clangenbacher\/"}]}},"_links":{"self":[{"href":"https:\/\/zonta-schwaebisch-gmuend.de\/index.php\/wp-json\/wp\/v2\/posts\/1622","targetHints":{"allow":["GET"]}}],"collection":[{"href":"https:\/\/zonta-schwaebisch-gmuend.de\/index.php\/wp-json\/wp\/v2\/posts"}],"about":[{"href":"https:\/\/zonta-schwaebisch-gmuend.de\/index.php\/wp-json\/wp\/v2\/types\/post"}],"author":[{"embeddable":true,"href":"https:\/\/zonta-schwaebisch-gmuend.de\/index.php\/wp-json\/wp\/v2\/users\/2"}],"replies":[{"embeddable":true,"href":"https:\/\/zonta-schwaebisch-gmuend.de\/index.php\/wp-json\/wp\/v2\/comments?post=1622"}],"version-history":[{"count":3,"href":"https:\/\/zonta-schwaebisch-gmuend.de\/index.php\/wp-json\/wp\/v2\/posts\/1622\/revisions"}],"predecessor-version":[{"id":1628,"href":"https:\/\/zonta-schwaebisch-gmuend.de\/index.php\/wp-json\/wp\/v2\/posts\/1622\/revisions\/1628"}],"wp:attachment":[{"href":"https:\/\/zonta-schwaebisch-gmuend.de\/index.php\/wp-json\/wp\/v2\/media?parent=1622"}],"wp:term":[{"taxonomy":"category","embeddable":true,"href":"https:\/\/zonta-schwaebisch-gmuend.de\/index.php\/wp-json\/wp\/v2\/categories?post=1622"},{"taxonomy":"post_tag","embeddable":true,"href":"https:\/\/zonta-schwaebisch-gmuend.de\/index.php\/wp-json\/wp\/v2\/tags?post=1622"}],"curies":[{"name":"wp","href":"https:\/\/api.w.org\/{rel}","templated":true}]}}