{"id":1598,"date":"2025-02-04T19:04:01","date_gmt":"2025-02-04T18:04:01","guid":{"rendered":"https:\/\/zonta-schwaebisch-gmuend.de\/?p=1598"},"modified":"2025-02-17T12:11:55","modified_gmt":"2025-02-17T11:11:55","slug":"sichtbar-frauen-in-form-und-farbe-ausstellung-von-21-11-2025-bis-ende-januar-2026","status":"publish","type":"post","link":"https:\/\/zonta-schwaebisch-gmuend.de\/index.php\/2025\/02\/04\/sichtbar-frauen-in-form-und-farbe-ausstellung-von-21-11-2025-bis-ende-januar-2026\/","title":{"rendered":"SICHTBAR &#8211; Frauen in Form und Farbe &#8211; Ausstellung von 21. November 2025 bis Ende Januar 2026"},"content":{"rendered":"<p><strong>&#8222;Ohne Frauen geht es nicht, das hat sogar der liebe Gott einsehen m\u00fcssen&#8220; (Eleonore Duse)<\/strong><\/p>\n<p>Wir freuen uns, dass Gudrun Niethammer, K\u00fcnstlerin aus G\u00f6ppingen, jetzt wohnhaft im Allg\u00e4u, ihre Werke bei uns in Schw\u00e4bisch Gm\u00fcnd in der Spitalm\u00fchle ausstellen wird.<\/p>\n<p>Gudrun Niethammer n\u00fctzt alle k\u00fcnstlerischen Freiheiten, um Frauen &#8222;sichtbar&#8220; zu machen. Die &#8222;Weibs-Bilder&#8220; sprengen das Format in eigenwilligen Proportionen und bunten Haaren. Sie sind heiter frech, nachdenklich und im Gespr\u00e4ch &#8211; alle sind liebens- und sehenswert.<br \/>\nIn zahlreiche Ausstellungen im Landkreis G\u00f6ppingen, Stuttgart, Kempten usw. hat Gudrun Niethammer schon ihre Arbeiten gezeigt. Nach einer kreativen Auszeit ist sie jetzt wieder aktiv und wird unseren Zonta Club mit der Pr\u00e4sentation ihrer Werke unterst\u00fctzen. Wir laden alle Kunstliebhaber und Interessierte schon jetzt herzlich ein, vorbeizukommen und sich inspirieren zu lassen!<\/p>\n<p><img decoding=\"async\" class=\"lazyload alignnone wp-image-1599\" src=\"https:\/\/zonta-schwaebisch-gmuend.de\/wp-content\/uploads\/2025\/02\/bf26a4fd-9a1f-4b16-a5cd-df80c03738c8-748x1024.jpeg\" data-orig-src=\"https:\/\/zonta-schwaebisch-gmuend.de\/wp-content\/uploads\/2025\/02\/bf26a4fd-9a1f-4b16-a5cd-df80c03738c8-748x1024.jpeg\" alt=\"\" width=\"265\" height=\"363\" srcset=\"data:image\/svg+xml,%3Csvg%20xmlns%3D%27http%3A%2F%2Fwww.w3.org%2F2000%2Fsvg%27%20width%3D%27265%27%20height%3D%27363%27%20viewBox%3D%270%200%20265%20363%27%3E%3Crect%20width%3D%27265%27%20height%3D%27363%27%20fill-opacity%3D%220%22%2F%3E%3C%2Fsvg%3E\" data-srcset=\"https:\/\/zonta-schwaebisch-gmuend.de\/wp-content\/uploads\/2025\/02\/bf26a4fd-9a1f-4b16-a5cd-df80c03738c8-200x274.jpeg 200w, https:\/\/zonta-schwaebisch-gmuend.de\/wp-content\/uploads\/2025\/02\/bf26a4fd-9a1f-4b16-a5cd-df80c03738c8-219x300.jpeg 219w, https:\/\/zonta-schwaebisch-gmuend.de\/wp-content\/uploads\/2025\/02\/bf26a4fd-9a1f-4b16-a5cd-df80c03738c8-400x548.jpeg 400w, https:\/\/zonta-schwaebisch-gmuend.de\/wp-content\/uploads\/2025\/02\/bf26a4fd-9a1f-4b16-a5cd-df80c03738c8-600x822.jpeg 600w, https:\/\/zonta-schwaebisch-gmuend.de\/wp-content\/uploads\/2025\/02\/bf26a4fd-9a1f-4b16-a5cd-df80c03738c8-748x1024.jpeg 748w, https:\/\/zonta-schwaebisch-gmuend.de\/wp-content\/uploads\/2025\/02\/bf26a4fd-9a1f-4b16-a5cd-df80c03738c8-768x1052.jpeg 768w, https:\/\/zonta-schwaebisch-gmuend.de\/wp-content\/uploads\/2025\/02\/bf26a4fd-9a1f-4b16-a5cd-df80c03738c8-800x1096.jpeg 800w, https:\/\/zonta-schwaebisch-gmuend.de\/wp-content\/uploads\/2025\/02\/bf26a4fd-9a1f-4b16-a5cd-df80c03738c8-1121x1536.jpeg 1121w, https:\/\/zonta-schwaebisch-gmuend.de\/wp-content\/uploads\/2025\/02\/bf26a4fd-9a1f-4b16-a5cd-df80c03738c8.jpeg 1168w\" data-sizes=\"auto\" data-orig-sizes=\"(max-width: 265px) 100vw, 265px\" \/><\/p>\n","protected":false},"excerpt":{"rendered":"<p>&#8222;Ohne Frauen geht es nicht, das hat sogar der liebe<\/p>\n","protected":false},"author":2,"featured_media":0,"comment_status":"open","ping_status":"open","sticky":false,"template":"","format":"standard","meta":{"footnotes":""},"categories":[44],"tags":[],"class_list":["post-1598","post","type-post","status-publish","format-standard","hentry","category-preview"],"yoast_head":"<!-- This site is optimized with the Yoast SEO plugin v27.2 - https:\/\/yoast.com\/product\/yoast-seo-wordpress\/ -->\n<title>SICHTBAR - Frauen in Form und Farbe - Ausstellung von 21. November 2025 bis Ende Januar 2026 - Zonta Club Schw\u00e4bisch Gm\u00fcnd e.V.<\/title>\n<meta name=\"robots\" content=\"index, follow, max-snippet:-1, max-image-preview:large, max-video-preview:-1\" \/>\n<link rel=\"canonical\" href=\"https:\/\/zonta-schwaebisch-gmuend.de\/index.php\/2025\/02\/04\/sichtbar-frauen-in-form-und-farbe-ausstellung-von-21-11-2025-bis-ende-januar-2026\/\" \/>\n<meta property=\"og:locale\" content=\"de_DE\" \/>\n<meta property=\"og:type\" content=\"article\" \/>\n<meta property=\"og:title\" content=\"SICHTBAR - Frauen in Form und Farbe - Ausstellung von 21. November 2025 bis Ende Januar 2026 - Zonta Club Schw\u00e4bisch Gm\u00fcnd e.V.\" \/>\n<meta property=\"og:description\" content=\"&#8222;Ohne Frauen geht es nicht, das hat sogar der liebe\" \/>\n<meta property=\"og:url\" content=\"https:\/\/zonta-schwaebisch-gmuend.de\/index.php\/2025\/02\/04\/sichtbar-frauen-in-form-und-farbe-ausstellung-von-21-11-2025-bis-ende-januar-2026\/\" \/>\n<meta property=\"og:site_name\" content=\"Zonta Club Schw\u00e4bisch Gm\u00fcnd e.V.\" \/>\n<meta property=\"article:published_time\" content=\"2025-02-04T18:04:01+00:00\" \/>\n<meta property=\"article:modified_time\" content=\"2025-02-17T11:11:55+00:00\" \/>\n<meta property=\"og:image\" content=\"https:\/\/zonta-schwaebisch-gmuend.de\/wp-content\/uploads\/2025\/02\/bf26a4fd-9a1f-4b16-a5cd-df80c03738c8.jpeg\" \/>\n\t<meta property=\"og:image:width\" content=\"1168\" \/>\n\t<meta property=\"og:image:height\" content=\"1600\" \/>\n\t<meta property=\"og:image:type\" content=\"image\/jpeg\" \/>\n<meta name=\"author\" content=\"Claudia Langenbacher\" \/>\n<meta name=\"twitter:card\" content=\"summary_large_image\" \/>\n<meta name=\"twitter:label1\" content=\"Geschrieben von\" \/>\n\t<meta name=\"twitter:data1\" content=\"Claudia Langenbacher\" \/>\n\t<meta name=\"twitter:label2\" content=\"Gesch\u00e4tzte Lesezeit\" \/>\n\t<meta name=\"twitter:data2\" content=\"1\u00a0Minute\" \/>\n<script type=\"application\/ld+json\" class=\"yoast-schema-graph\">{\"@context\":\"https:\/\/schema.org\",\"@graph\":[{\"@type\":\"Article\",\"@id\":\"https:\/\/zonta-schwaebisch-gmuend.de\/index.php\/2025\/02\/04\/sichtbar-frauen-in-form-und-farbe-ausstellung-von-21-11-2025-bis-ende-januar-2026\/#article\",\"isPartOf\":{\"@id\":\"https:\/\/zonta-schwaebisch-gmuend.de\/index.php\/2025\/02\/04\/sichtbar-frauen-in-form-und-farbe-ausstellung-von-21-11-2025-bis-ende-januar-2026\/\"},\"author\":{\"name\":\"Claudia Langenbacher\",\"@id\":\"https:\/\/zonta-schwaebisch-gmuend.de\/#\/schema\/person\/df9e2767c1e8e3e8466de6226364e48b\"},\"headline\":\"SICHTBAR &#8211; Frauen in Form und Farbe &#8211; Ausstellung von 21. November 2025 bis Ende Januar 2026\",\"datePublished\":\"2025-02-04T18:04:01+00:00\",\"dateModified\":\"2025-02-17T11:11:55+00:00\",\"mainEntityOfPage\":{\"@id\":\"https:\/\/zonta-schwaebisch-gmuend.de\/index.php\/2025\/02\/04\/sichtbar-frauen-in-form-und-farbe-ausstellung-von-21-11-2025-bis-ende-januar-2026\/\"},\"wordCount\":155,\"commentCount\":0,\"publisher\":{\"@id\":\"https:\/\/zonta-schwaebisch-gmuend.de\/#organization\"},\"image\":{\"@id\":\"https:\/\/zonta-schwaebisch-gmuend.de\/index.php\/2025\/02\/04\/sichtbar-frauen-in-form-und-farbe-ausstellung-von-21-11-2025-bis-ende-januar-2026\/#primaryimage\"},\"thumbnailUrl\":\"https:\/\/zonta-schwaebisch-gmuend.de\/wp-content\/uploads\/2025\/02\/bf26a4fd-9a1f-4b16-a5cd-df80c03738c8-748x1024.jpeg\",\"articleSection\":[\"Preview\"],\"inLanguage\":\"de\",\"potentialAction\":[{\"@type\":\"CommentAction\",\"name\":\"Comment\",\"target\":[\"https:\/\/zonta-schwaebisch-gmuend.de\/index.php\/2025\/02\/04\/sichtbar-frauen-in-form-und-farbe-ausstellung-von-21-11-2025-bis-ende-januar-2026\/#respond\"]}]},{\"@type\":\"WebPage\",\"@id\":\"https:\/\/zonta-schwaebisch-gmuend.de\/index.php\/2025\/02\/04\/sichtbar-frauen-in-form-und-farbe-ausstellung-von-21-11-2025-bis-ende-januar-2026\/\",\"url\":\"https:\/\/zonta-schwaebisch-gmuend.de\/index.php\/2025\/02\/04\/sichtbar-frauen-in-form-und-farbe-ausstellung-von-21-11-2025-bis-ende-januar-2026\/\",\"name\":\"SICHTBAR - Frauen in Form und Farbe - Ausstellung von 21. November 2025 bis Ende Januar 2026 - Zonta Club Schw\u00e4bisch Gm\u00fcnd e.V.\",\"isPartOf\":{\"@id\":\"https:\/\/zonta-schwaebisch-gmuend.de\/#website\"},\"primaryImageOfPage\":{\"@id\":\"https:\/\/zonta-schwaebisch-gmuend.de\/index.php\/2025\/02\/04\/sichtbar-frauen-in-form-und-farbe-ausstellung-von-21-11-2025-bis-ende-januar-2026\/#primaryimage\"},\"image\":{\"@id\":\"https:\/\/zonta-schwaebisch-gmuend.de\/index.php\/2025\/02\/04\/sichtbar-frauen-in-form-und-farbe-ausstellung-von-21-11-2025-bis-ende-januar-2026\/#primaryimage\"},\"thumbnailUrl\":\"https:\/\/zonta-schwaebisch-gmuend.de\/wp-content\/uploads\/2025\/02\/bf26a4fd-9a1f-4b16-a5cd-df80c03738c8-748x1024.jpeg\",\"datePublished\":\"2025-02-04T18:04:01+00:00\",\"dateModified\":\"2025-02-17T11:11:55+00:00\",\"breadcrumb\":{\"@id\":\"https:\/\/zonta-schwaebisch-gmuend.de\/index.php\/2025\/02\/04\/sichtbar-frauen-in-form-und-farbe-ausstellung-von-21-11-2025-bis-ende-januar-2026\/#breadcrumb\"},\"inLanguage\":\"de\",\"potentialAction\":[{\"@type\":\"ReadAction\",\"target\":[\"https:\/\/zonta-schwaebisch-gmuend.de\/index.php\/2025\/02\/04\/sichtbar-frauen-in-form-und-farbe-ausstellung-von-21-11-2025-bis-ende-januar-2026\/\"]}]},{\"@type\":\"ImageObject\",\"inLanguage\":\"de\",\"@id\":\"https:\/\/zonta-schwaebisch-gmuend.de\/index.php\/2025\/02\/04\/sichtbar-frauen-in-form-und-farbe-ausstellung-von-21-11-2025-bis-ende-januar-2026\/#primaryimage\",\"url\":\"https:\/\/zonta-schwaebisch-gmuend.de\/wp-content\/uploads\/2025\/02\/bf26a4fd-9a1f-4b16-a5cd-df80c03738c8.jpeg\",\"contentUrl\":\"https:\/\/zonta-schwaebisch-gmuend.de\/wp-content\/uploads\/2025\/02\/bf26a4fd-9a1f-4b16-a5cd-df80c03738c8.jpeg\",\"width\":1168,\"height\":1600},{\"@type\":\"BreadcrumbList\",\"@id\":\"https:\/\/zonta-schwaebisch-gmuend.de\/index.php\/2025\/02\/04\/sichtbar-frauen-in-form-und-farbe-ausstellung-von-21-11-2025-bis-ende-januar-2026\/#breadcrumb\",\"itemListElement\":[{\"@type\":\"ListItem\",\"position\":1,\"name\":\"Startseite\",\"item\":\"https:\/\/zonta-schwaebisch-gmuend.de\/\"},{\"@type\":\"ListItem\",\"position\":2,\"name\":\"SICHTBAR &#8211; Frauen in Form und Farbe &#8211; Ausstellung von 21. November 2025 bis Ende Januar 2026\"}]},{\"@type\":\"WebSite\",\"@id\":\"https:\/\/zonta-schwaebisch-gmuend.de\/#website\",\"url\":\"https:\/\/zonta-schwaebisch-gmuend.de\/\",\"name\":\"Zonta Club Schw\u00e4bisch Gm\u00fcnd e.V.\",\"description\":\"\",\"publisher\":{\"@id\":\"https:\/\/zonta-schwaebisch-gmuend.de\/#organization\"},\"potentialAction\":[{\"@type\":\"SearchAction\",\"target\":{\"@type\":\"EntryPoint\",\"urlTemplate\":\"https:\/\/zonta-schwaebisch-gmuend.de\/?s={search_term_string}\"},\"query-input\":{\"@type\":\"PropertyValueSpecification\",\"valueRequired\":true,\"valueName\":\"search_term_string\"}}],\"inLanguage\":\"de\"},{\"@type\":\"Organization\",\"@id\":\"https:\/\/zonta-schwaebisch-gmuend.de\/#organization\",\"name\":\"Zonta Club Schw\u00e4bisch Gm\u00fcnd e.V.\",\"url\":\"https:\/\/zonta-schwaebisch-gmuend.de\/\",\"logo\":{\"@type\":\"ImageObject\",\"inLanguage\":\"de\",\"@id\":\"https:\/\/zonta-schwaebisch-gmuend.de\/#\/schema\/logo\/image\/\",\"url\":\"https:\/\/zonta-schwaebisch-gmuend.de\/wp-content\/uploads\/2023\/08\/Zonta-Club-of-Schwaebisch-Gmuend-Logo_New-Tag_Horizontal_Color-2.png\",\"contentUrl\":\"https:\/\/zonta-schwaebisch-gmuend.de\/wp-content\/uploads\/2023\/08\/Zonta-Club-of-Schwaebisch-Gmuend-Logo_New-Tag_Horizontal_Color-2.png\",\"width\":4738,\"height\":1546,\"caption\":\"Zonta Club Schw\u00e4bisch Gm\u00fcnd e.V.\"},\"image\":{\"@id\":\"https:\/\/zonta-schwaebisch-gmuend.de\/#\/schema\/logo\/image\/\"},\"sameAs\":[\"https:\/\/www.instagram.com\/zontaschwaebischgmuend\/\"]},{\"@type\":\"Person\",\"@id\":\"https:\/\/zonta-schwaebisch-gmuend.de\/#\/schema\/person\/df9e2767c1e8e3e8466de6226364e48b\",\"name\":\"Claudia Langenbacher\",\"image\":{\"@type\":\"ImageObject\",\"inLanguage\":\"de\",\"@id\":\"https:\/\/secure.gravatar.com\/avatar\/dc118795df76bc49ba198fba6c16b5db3793711a29782b55e0636072dc202cd6?s=96&d=mm&r=g\",\"url\":\"https:\/\/secure.gravatar.com\/avatar\/dc118795df76bc49ba198fba6c16b5db3793711a29782b55e0636072dc202cd6?s=96&d=mm&r=g\",\"contentUrl\":\"https:\/\/secure.gravatar.com\/avatar\/dc118795df76bc49ba198fba6c16b5db3793711a29782b55e0636072dc202cd6?s=96&d=mm&r=g\",\"caption\":\"Claudia Langenbacher\"},\"url\":\"https:\/\/zonta-schwaebisch-gmuend.de\/index.php\/author\/clangenbacher\/\"}]}<\/script>\n<!-- \/ Yoast SEO plugin. -->","yoast_head_json":{"title":"SICHTBAR - Frauen in Form und Farbe - Ausstellung von 21. November 2025 bis Ende Januar 2026 - Zonta Club Schw\u00e4bisch Gm\u00fcnd e.V.","robots":{"index":"index","follow":"follow","max-snippet":"max-snippet:-1","max-image-preview":"max-image-preview:large","max-video-preview":"max-video-preview:-1"},"canonical":"https:\/\/zonta-schwaebisch-gmuend.de\/index.php\/2025\/02\/04\/sichtbar-frauen-in-form-und-farbe-ausstellung-von-21-11-2025-bis-ende-januar-2026\/","og_locale":"de_DE","og_type":"article","og_title":"SICHTBAR - Frauen in Form und Farbe - Ausstellung von 21. November 2025 bis Ende Januar 2026 - Zonta Club Schw\u00e4bisch Gm\u00fcnd e.V.","og_description":"&#8222;Ohne Frauen geht es nicht, das hat sogar der liebe","og_url":"https:\/\/zonta-schwaebisch-gmuend.de\/index.php\/2025\/02\/04\/sichtbar-frauen-in-form-und-farbe-ausstellung-von-21-11-2025-bis-ende-januar-2026\/","og_site_name":"Zonta Club Schw\u00e4bisch Gm\u00fcnd e.V.","article_published_time":"2025-02-04T18:04:01+00:00","article_modified_time":"2025-02-17T11:11:55+00:00","og_image":[{"width":1168,"height":1600,"url":"https:\/\/zonta-schwaebisch-gmuend.de\/wp-content\/uploads\/2025\/02\/bf26a4fd-9a1f-4b16-a5cd-df80c03738c8.jpeg","type":"image\/jpeg"}],"author":"Claudia Langenbacher","twitter_card":"summary_large_image","twitter_misc":{"Geschrieben von":"Claudia Langenbacher","Gesch\u00e4tzte Lesezeit":"1\u00a0Minute"},"schema":{"@context":"https:\/\/schema.org","@graph":[{"@type":"Article","@id":"https:\/\/zonta-schwaebisch-gmuend.de\/index.php\/2025\/02\/04\/sichtbar-frauen-in-form-und-farbe-ausstellung-von-21-11-2025-bis-ende-januar-2026\/#article","isPartOf":{"@id":"https:\/\/zonta-schwaebisch-gmuend.de\/index.php\/2025\/02\/04\/sichtbar-frauen-in-form-und-farbe-ausstellung-von-21-11-2025-bis-ende-januar-2026\/"},"author":{"name":"Claudia Langenbacher","@id":"https:\/\/zonta-schwaebisch-gmuend.de\/#\/schema\/person\/df9e2767c1e8e3e8466de6226364e48b"},"headline":"SICHTBAR &#8211; Frauen in Form und Farbe &#8211; Ausstellung von 21. November 2025 bis Ende Januar 2026","datePublished":"2025-02-04T18:04:01+00:00","dateModified":"2025-02-17T11:11:55+00:00","mainEntityOfPage":{"@id":"https:\/\/zonta-schwaebisch-gmuend.de\/index.php\/2025\/02\/04\/sichtbar-frauen-in-form-und-farbe-ausstellung-von-21-11-2025-bis-ende-januar-2026\/"},"wordCount":155,"commentCount":0,"publisher":{"@id":"https:\/\/zonta-schwaebisch-gmuend.de\/#organization"},"image":{"@id":"https:\/\/zonta-schwaebisch-gmuend.de\/index.php\/2025\/02\/04\/sichtbar-frauen-in-form-und-farbe-ausstellung-von-21-11-2025-bis-ende-januar-2026\/#primaryimage"},"thumbnailUrl":"https:\/\/zonta-schwaebisch-gmuend.de\/wp-content\/uploads\/2025\/02\/bf26a4fd-9a1f-4b16-a5cd-df80c03738c8-748x1024.jpeg","articleSection":["Preview"],"inLanguage":"de","potentialAction":[{"@type":"CommentAction","name":"Comment","target":["https:\/\/zonta-schwaebisch-gmuend.de\/index.php\/2025\/02\/04\/sichtbar-frauen-in-form-und-farbe-ausstellung-von-21-11-2025-bis-ende-januar-2026\/#respond"]}]},{"@type":"WebPage","@id":"https:\/\/zonta-schwaebisch-gmuend.de\/index.php\/2025\/02\/04\/sichtbar-frauen-in-form-und-farbe-ausstellung-von-21-11-2025-bis-ende-januar-2026\/","url":"https:\/\/zonta-schwaebisch-gmuend.de\/index.php\/2025\/02\/04\/sichtbar-frauen-in-form-und-farbe-ausstellung-von-21-11-2025-bis-ende-januar-2026\/","name":"SICHTBAR - Frauen in Form und Farbe - Ausstellung von 21. November 2025 bis Ende Januar 2026 - Zonta Club Schw\u00e4bisch Gm\u00fcnd e.V.","isPartOf":{"@id":"https:\/\/zonta-schwaebisch-gmuend.de\/#website"},"primaryImageOfPage":{"@id":"https:\/\/zonta-schwaebisch-gmuend.de\/index.php\/2025\/02\/04\/sichtbar-frauen-in-form-und-farbe-ausstellung-von-21-11-2025-bis-ende-januar-2026\/#primaryimage"},"image":{"@id":"https:\/\/zonta-schwaebisch-gmuend.de\/index.php\/2025\/02\/04\/sichtbar-frauen-in-form-und-farbe-ausstellung-von-21-11-2025-bis-ende-januar-2026\/#primaryimage"},"thumbnailUrl":"https:\/\/zonta-schwaebisch-gmuend.de\/wp-content\/uploads\/2025\/02\/bf26a4fd-9a1f-4b16-a5cd-df80c03738c8-748x1024.jpeg","datePublished":"2025-02-04T18:04:01+00:00","dateModified":"2025-02-17T11:11:55+00:00","breadcrumb":{"@id":"https:\/\/zonta-schwaebisch-gmuend.de\/index.php\/2025\/02\/04\/sichtbar-frauen-in-form-und-farbe-ausstellung-von-21-11-2025-bis-ende-januar-2026\/#breadcrumb"},"inLanguage":"de","potentialAction":[{"@type":"ReadAction","target":["https:\/\/zonta-schwaebisch-gmuend.de\/index.php\/2025\/02\/04\/sichtbar-frauen-in-form-und-farbe-ausstellung-von-21-11-2025-bis-ende-januar-2026\/"]}]},{"@type":"ImageObject","inLanguage":"de","@id":"https:\/\/zonta-schwaebisch-gmuend.de\/index.php\/2025\/02\/04\/sichtbar-frauen-in-form-und-farbe-ausstellung-von-21-11-2025-bis-ende-januar-2026\/#primaryimage","url":"https:\/\/zonta-schwaebisch-gmuend.de\/wp-content\/uploads\/2025\/02\/bf26a4fd-9a1f-4b16-a5cd-df80c03738c8.jpeg","contentUrl":"https:\/\/zonta-schwaebisch-gmuend.de\/wp-content\/uploads\/2025\/02\/bf26a4fd-9a1f-4b16-a5cd-df80c03738c8.jpeg","width":1168,"height":1600},{"@type":"BreadcrumbList","@id":"https:\/\/zonta-schwaebisch-gmuend.de\/index.php\/2025\/02\/04\/sichtbar-frauen-in-form-und-farbe-ausstellung-von-21-11-2025-bis-ende-januar-2026\/#breadcrumb","itemListElement":[{"@type":"ListItem","position":1,"name":"Startseite","item":"https:\/\/zonta-schwaebisch-gmuend.de\/"},{"@type":"ListItem","position":2,"name":"SICHTBAR &#8211; Frauen in Form und Farbe &#8211; Ausstellung von 21. November 2025 bis Ende Januar 2026"}]},{"@type":"WebSite","@id":"https:\/\/zonta-schwaebisch-gmuend.de\/#website","url":"https:\/\/zonta-schwaebisch-gmuend.de\/","name":"Zonta Club Schw\u00e4bisch Gm\u00fcnd e.V.","description":"","publisher":{"@id":"https:\/\/zonta-schwaebisch-gmuend.de\/#organization"},"potentialAction":[{"@type":"SearchAction","target":{"@type":"EntryPoint","urlTemplate":"https:\/\/zonta-schwaebisch-gmuend.de\/?s={search_term_string}"},"query-input":{"@type":"PropertyValueSpecification","valueRequired":true,"valueName":"search_term_string"}}],"inLanguage":"de"},{"@type":"Organization","@id":"https:\/\/zonta-schwaebisch-gmuend.de\/#organization","name":"Zonta Club Schw\u00e4bisch Gm\u00fcnd e.V.","url":"https:\/\/zonta-schwaebisch-gmuend.de\/","logo":{"@type":"ImageObject","inLanguage":"de","@id":"https:\/\/zonta-schwaebisch-gmuend.de\/#\/schema\/logo\/image\/","url":"https:\/\/zonta-schwaebisch-gmuend.de\/wp-content\/uploads\/2023\/08\/Zonta-Club-of-Schwaebisch-Gmuend-Logo_New-Tag_Horizontal_Color-2.png","contentUrl":"https:\/\/zonta-schwaebisch-gmuend.de\/wp-content\/uploads\/2023\/08\/Zonta-Club-of-Schwaebisch-Gmuend-Logo_New-Tag_Horizontal_Color-2.png","width":4738,"height":1546,"caption":"Zonta Club Schw\u00e4bisch Gm\u00fcnd e.V."},"image":{"@id":"https:\/\/zonta-schwaebisch-gmuend.de\/#\/schema\/logo\/image\/"},"sameAs":["https:\/\/www.instagram.com\/zontaschwaebischgmuend\/"]},{"@type":"Person","@id":"https:\/\/zonta-schwaebisch-gmuend.de\/#\/schema\/person\/df9e2767c1e8e3e8466de6226364e48b","name":"Claudia Langenbacher","image":{"@type":"ImageObject","inLanguage":"de","@id":"https:\/\/secure.gravatar.com\/avatar\/dc118795df76bc49ba198fba6c16b5db3793711a29782b55e0636072dc202cd6?s=96&d=mm&r=g","url":"https:\/\/secure.gravatar.com\/avatar\/dc118795df76bc49ba198fba6c16b5db3793711a29782b55e0636072dc202cd6?s=96&d=mm&r=g","contentUrl":"https:\/\/secure.gravatar.com\/avatar\/dc118795df76bc49ba198fba6c16b5db3793711a29782b55e0636072dc202cd6?s=96&d=mm&r=g","caption":"Claudia Langenbacher"},"url":"https:\/\/zonta-schwaebisch-gmuend.de\/index.php\/author\/clangenbacher\/"}]}},"_links":{"self":[{"href":"https:\/\/zonta-schwaebisch-gmuend.de\/index.php\/wp-json\/wp\/v2\/posts\/1598","targetHints":{"allow":["GET"]}}],"collection":[{"href":"https:\/\/zonta-schwaebisch-gmuend.de\/index.php\/wp-json\/wp\/v2\/posts"}],"about":[{"href":"https:\/\/zonta-schwaebisch-gmuend.de\/index.php\/wp-json\/wp\/v2\/types\/post"}],"author":[{"embeddable":true,"href":"https:\/\/zonta-schwaebisch-gmuend.de\/index.php\/wp-json\/wp\/v2\/users\/2"}],"replies":[{"embeddable":true,"href":"https:\/\/zonta-schwaebisch-gmuend.de\/index.php\/wp-json\/wp\/v2\/comments?post=1598"}],"version-history":[{"count":8,"href":"https:\/\/zonta-schwaebisch-gmuend.de\/index.php\/wp-json\/wp\/v2\/posts\/1598\/revisions"}],"predecessor-version":[{"id":1617,"href":"https:\/\/zonta-schwaebisch-gmuend.de\/index.php\/wp-json\/wp\/v2\/posts\/1598\/revisions\/1617"}],"wp:attachment":[{"href":"https:\/\/zonta-schwaebisch-gmuend.de\/index.php\/wp-json\/wp\/v2\/media?parent=1598"}],"wp:term":[{"taxonomy":"category","embeddable":true,"href":"https:\/\/zonta-schwaebisch-gmuend.de\/index.php\/wp-json\/wp\/v2\/categories?post=1598"},{"taxonomy":"post_tag","embeddable":true,"href":"https:\/\/zonta-schwaebisch-gmuend.de\/index.php\/wp-json\/wp\/v2\/tags?post=1598"}],"curies":[{"name":"wp","href":"https:\/\/api.w.org\/{rel}","templated":true}]}}