{"id":1553,"date":"2025-01-26T14:58:56","date_gmt":"2025-01-26T13:58:56","guid":{"rendered":"https:\/\/zonta-schwaebisch-gmuend.de\/?p=1553"},"modified":"2025-01-26T15:08:33","modified_gmt":"2025-01-26T14:08:33","slug":"vortrag-frau-sabine-rink-integrationsmanageri-schwaebisch-gmuendn","status":"publish","type":"post","link":"https:\/\/zonta-schwaebisch-gmuend.de\/index.php\/2025\/01\/26\/vortrag-frau-sabine-rink-integrationsmanageri-schwaebisch-gmuendn\/","title":{"rendered":"Vortrag Frau Sabine Rink Integrationsmanagerin in Schw\u00e4bisch Gm\u00fcnd am 23. Januar 2025"},"content":{"rendered":"<p>Frau Sabine Rink, Integrationsmanagerin der Stadt Schw\u00e4bisch Gm\u00fcnd, besuchte unser Meeting am 23. Januar 2025. Nach einer pers\u00f6nlichen Vorstellung und Information ihrer T\u00e4tigkeit, berichtete Frau Rink \u00fcber den Status und die Hilfsangebote f\u00fcr die in Schw\u00e4bisch Gm\u00fcnd lebenden Jesiden, die nach \u00dcbergriffen des IS aus ihrer Heimat fl\u00fcchten konnten. Mit gro\u00dfer Aufmerksamkeit folgten wir den Ausf\u00fchrungen von Frau Rink. Im Anschluss an ihren Vortrag fand eine lebhafte Diskussion statt.<\/p>\n<p><img decoding=\"async\" class=\"lazyload alignnone wp-image-1554\" src=\"https:\/\/zonta-schwaebisch-gmuend.de\/wp-content\/uploads\/2025\/01\/IMG_3865-721x1024.jpg\" data-orig-src=\"https:\/\/zonta-schwaebisch-gmuend.de\/wp-content\/uploads\/2025\/01\/IMG_3865-721x1024.jpg\" alt=\"\" width=\"398\" height=\"565\" srcset=\"data:image\/svg+xml,%3Csvg%20xmlns%3D%27http%3A%2F%2Fwww.w3.org%2F2000%2Fsvg%27%20width%3D%27398%27%20height%3D%27565%27%20viewBox%3D%270%200%20398%20565%27%3E%3Crect%20width%3D%27398%27%20height%3D%27565%27%20fill-opacity%3D%220%22%2F%3E%3C%2Fsvg%3E\" data-srcset=\"https:\/\/zonta-schwaebisch-gmuend.de\/wp-content\/uploads\/2025\/01\/IMG_3865-200x284.jpg 200w, https:\/\/zonta-schwaebisch-gmuend.de\/wp-content\/uploads\/2025\/01\/IMG_3865-211x300.jpg 211w, https:\/\/zonta-schwaebisch-gmuend.de\/wp-content\/uploads\/2025\/01\/IMG_3865-400x568.jpg 400w, https:\/\/zonta-schwaebisch-gmuend.de\/wp-content\/uploads\/2025\/01\/IMG_3865-600x852.jpg 600w, https:\/\/zonta-schwaebisch-gmuend.de\/wp-content\/uploads\/2025\/01\/IMG_3865-721x1024.jpg 721w, https:\/\/zonta-schwaebisch-gmuend.de\/wp-content\/uploads\/2025\/01\/IMG_3865-768x1090.jpg 768w, https:\/\/zonta-schwaebisch-gmuend.de\/wp-content\/uploads\/2025\/01\/IMG_3865-800x1136.jpg 800w, https:\/\/zonta-schwaebisch-gmuend.de\/wp-content\/uploads\/2025\/01\/IMG_3865-1082x1536.jpg 1082w, https:\/\/zonta-schwaebisch-gmuend.de\/wp-content\/uploads\/2025\/01\/IMG_3865-1200x1703.jpg 1200w, https:\/\/zonta-schwaebisch-gmuend.de\/wp-content\/uploads\/2025\/01\/IMG_3865.jpg 1280w\" data-sizes=\"auto\" data-orig-sizes=\"(max-width: 398px) 100vw, 398px\" \/><\/p>\n<p>Das Foto zeigt Sabine Rink (rechts) mit Sabine Dombrowski-Riegert beim \u00dcberreichen der gelben Zonta-Rose. Wir danken Frau Rink f\u00fcr ihren Vortrag!<\/p>\n<p>&nbsp;<\/p>\n","protected":false},"excerpt":{"rendered":"<p>Frau Sabine Rink, Integrationsmanagerin der Stadt Schw\u00e4bisch Gm\u00fcnd, besuchte unser<\/p>\n","protected":false},"author":2,"featured_media":0,"comment_status":"open","ping_status":"open","sticky":false,"template":"","format":"standard","meta":{"footnotes":""},"categories":[43],"tags":[],"class_list":["post-1553","post","type-post","status-publish","format-standard","hentry","category-clubleben"],"yoast_head":"<!-- This site is optimized with the Yoast SEO plugin v27.2 - https:\/\/yoast.com\/product\/yoast-seo-wordpress\/ -->\n<title>Vortrag Frau Sabine Rink Integrationsmanagerin in Schw\u00e4bisch Gm\u00fcnd am 23. Januar 2025 - Zonta Club Schw\u00e4bisch Gm\u00fcnd e.V.<\/title>\n<meta name=\"robots\" content=\"index, follow, max-snippet:-1, max-image-preview:large, max-video-preview:-1\" \/>\n<link rel=\"canonical\" href=\"https:\/\/zonta-schwaebisch-gmuend.de\/index.php\/2025\/01\/26\/vortrag-frau-sabine-rink-integrationsmanageri-schwaebisch-gmuendn\/\" \/>\n<meta property=\"og:locale\" content=\"de_DE\" \/>\n<meta property=\"og:type\" content=\"article\" \/>\n<meta property=\"og:title\" content=\"Vortrag Frau Sabine Rink Integrationsmanagerin in Schw\u00e4bisch Gm\u00fcnd am 23. Januar 2025 - Zonta Club Schw\u00e4bisch Gm\u00fcnd e.V.\" \/>\n<meta property=\"og:description\" content=\"Frau Sabine Rink, Integrationsmanagerin der Stadt Schw\u00e4bisch Gm\u00fcnd, besuchte unser\" \/>\n<meta property=\"og:url\" content=\"https:\/\/zonta-schwaebisch-gmuend.de\/index.php\/2025\/01\/26\/vortrag-frau-sabine-rink-integrationsmanageri-schwaebisch-gmuendn\/\" \/>\n<meta property=\"og:site_name\" content=\"Zonta Club Schw\u00e4bisch Gm\u00fcnd e.V.\" \/>\n<meta property=\"article:published_time\" content=\"2025-01-26T13:58:56+00:00\" \/>\n<meta property=\"article:modified_time\" content=\"2025-01-26T14:08:33+00:00\" \/>\n<meta property=\"og:image\" content=\"https:\/\/zonta-schwaebisch-gmuend.de\/wp-content\/uploads\/2025\/01\/IMG_3865.jpg\" \/>\n\t<meta property=\"og:image:width\" content=\"1280\" \/>\n\t<meta property=\"og:image:height\" content=\"1817\" \/>\n\t<meta property=\"og:image:type\" content=\"image\/jpeg\" \/>\n<meta name=\"author\" content=\"Claudia Langenbacher\" \/>\n<meta name=\"twitter:card\" content=\"summary_large_image\" \/>\n<meta name=\"twitter:label1\" content=\"Geschrieben von\" \/>\n\t<meta name=\"twitter:data1\" content=\"Claudia Langenbacher\" \/>\n\t<meta name=\"twitter:label2\" content=\"Gesch\u00e4tzte Lesezeit\" \/>\n\t<meta name=\"twitter:data2\" content=\"1\u00a0Minute\" \/>\n<script type=\"application\/ld+json\" class=\"yoast-schema-graph\">{\"@context\":\"https:\/\/schema.org\",\"@graph\":[{\"@type\":\"Article\",\"@id\":\"https:\/\/zonta-schwaebisch-gmuend.de\/index.php\/2025\/01\/26\/vortrag-frau-sabine-rink-integrationsmanageri-schwaebisch-gmuendn\/#article\",\"isPartOf\":{\"@id\":\"https:\/\/zonta-schwaebisch-gmuend.de\/index.php\/2025\/01\/26\/vortrag-frau-sabine-rink-integrationsmanageri-schwaebisch-gmuendn\/\"},\"author\":{\"name\":\"Claudia Langenbacher\",\"@id\":\"https:\/\/zonta-schwaebisch-gmuend.de\/#\/schema\/person\/df9e2767c1e8e3e8466de6226364e48b\"},\"headline\":\"Vortrag Frau Sabine Rink Integrationsmanagerin in Schw\u00e4bisch Gm\u00fcnd am 23. Januar 2025\",\"datePublished\":\"2025-01-26T13:58:56+00:00\",\"dateModified\":\"2025-01-26T14:08:33+00:00\",\"mainEntityOfPage\":{\"@id\":\"https:\/\/zonta-schwaebisch-gmuend.de\/index.php\/2025\/01\/26\/vortrag-frau-sabine-rink-integrationsmanageri-schwaebisch-gmuendn\/\"},\"wordCount\":112,\"commentCount\":0,\"publisher\":{\"@id\":\"https:\/\/zonta-schwaebisch-gmuend.de\/#organization\"},\"image\":{\"@id\":\"https:\/\/zonta-schwaebisch-gmuend.de\/index.php\/2025\/01\/26\/vortrag-frau-sabine-rink-integrationsmanageri-schwaebisch-gmuendn\/#primaryimage\"},\"thumbnailUrl\":\"https:\/\/zonta-schwaebisch-gmuend.de\/wp-content\/uploads\/2025\/01\/IMG_3865-721x1024.jpg\",\"articleSection\":[\"Clubleben\"],\"inLanguage\":\"de\",\"potentialAction\":[{\"@type\":\"CommentAction\",\"name\":\"Comment\",\"target\":[\"https:\/\/zonta-schwaebisch-gmuend.de\/index.php\/2025\/01\/26\/vortrag-frau-sabine-rink-integrationsmanageri-schwaebisch-gmuendn\/#respond\"]}]},{\"@type\":\"WebPage\",\"@id\":\"https:\/\/zonta-schwaebisch-gmuend.de\/index.php\/2025\/01\/26\/vortrag-frau-sabine-rink-integrationsmanageri-schwaebisch-gmuendn\/\",\"url\":\"https:\/\/zonta-schwaebisch-gmuend.de\/index.php\/2025\/01\/26\/vortrag-frau-sabine-rink-integrationsmanageri-schwaebisch-gmuendn\/\",\"name\":\"Vortrag Frau Sabine Rink Integrationsmanagerin in Schw\u00e4bisch Gm\u00fcnd am 23. Januar 2025 - Zonta Club Schw\u00e4bisch Gm\u00fcnd e.V.\",\"isPartOf\":{\"@id\":\"https:\/\/zonta-schwaebisch-gmuend.de\/#website\"},\"primaryImageOfPage\":{\"@id\":\"https:\/\/zonta-schwaebisch-gmuend.de\/index.php\/2025\/01\/26\/vortrag-frau-sabine-rink-integrationsmanageri-schwaebisch-gmuendn\/#primaryimage\"},\"image\":{\"@id\":\"https:\/\/zonta-schwaebisch-gmuend.de\/index.php\/2025\/01\/26\/vortrag-frau-sabine-rink-integrationsmanageri-schwaebisch-gmuendn\/#primaryimage\"},\"thumbnailUrl\":\"https:\/\/zonta-schwaebisch-gmuend.de\/wp-content\/uploads\/2025\/01\/IMG_3865-721x1024.jpg\",\"datePublished\":\"2025-01-26T13:58:56+00:00\",\"dateModified\":\"2025-01-26T14:08:33+00:00\",\"breadcrumb\":{\"@id\":\"https:\/\/zonta-schwaebisch-gmuend.de\/index.php\/2025\/01\/26\/vortrag-frau-sabine-rink-integrationsmanageri-schwaebisch-gmuendn\/#breadcrumb\"},\"inLanguage\":\"de\",\"potentialAction\":[{\"@type\":\"ReadAction\",\"target\":[\"https:\/\/zonta-schwaebisch-gmuend.de\/index.php\/2025\/01\/26\/vortrag-frau-sabine-rink-integrationsmanageri-schwaebisch-gmuendn\/\"]}]},{\"@type\":\"ImageObject\",\"inLanguage\":\"de\",\"@id\":\"https:\/\/zonta-schwaebisch-gmuend.de\/index.php\/2025\/01\/26\/vortrag-frau-sabine-rink-integrationsmanageri-schwaebisch-gmuendn\/#primaryimage\",\"url\":\"https:\/\/zonta-schwaebisch-gmuend.de\/wp-content\/uploads\/2025\/01\/IMG_3865.jpg\",\"contentUrl\":\"https:\/\/zonta-schwaebisch-gmuend.de\/wp-content\/uploads\/2025\/01\/IMG_3865.jpg\",\"width\":1280,\"height\":1817},{\"@type\":\"BreadcrumbList\",\"@id\":\"https:\/\/zonta-schwaebisch-gmuend.de\/index.php\/2025\/01\/26\/vortrag-frau-sabine-rink-integrationsmanageri-schwaebisch-gmuendn\/#breadcrumb\",\"itemListElement\":[{\"@type\":\"ListItem\",\"position\":1,\"name\":\"Startseite\",\"item\":\"https:\/\/zonta-schwaebisch-gmuend.de\/\"},{\"@type\":\"ListItem\",\"position\":2,\"name\":\"Vortrag Frau Sabine Rink Integrationsmanagerin in Schw\u00e4bisch Gm\u00fcnd am 23. Januar 2025\"}]},{\"@type\":\"WebSite\",\"@id\":\"https:\/\/zonta-schwaebisch-gmuend.de\/#website\",\"url\":\"https:\/\/zonta-schwaebisch-gmuend.de\/\",\"name\":\"Zonta Club Schw\u00e4bisch Gm\u00fcnd e.V.\",\"description\":\"\",\"publisher\":{\"@id\":\"https:\/\/zonta-schwaebisch-gmuend.de\/#organization\"},\"potentialAction\":[{\"@type\":\"SearchAction\",\"target\":{\"@type\":\"EntryPoint\",\"urlTemplate\":\"https:\/\/zonta-schwaebisch-gmuend.de\/?s={search_term_string}\"},\"query-input\":{\"@type\":\"PropertyValueSpecification\",\"valueRequired\":true,\"valueName\":\"search_term_string\"}}],\"inLanguage\":\"de\"},{\"@type\":\"Organization\",\"@id\":\"https:\/\/zonta-schwaebisch-gmuend.de\/#organization\",\"name\":\"Zonta Club Schw\u00e4bisch Gm\u00fcnd e.V.\",\"url\":\"https:\/\/zonta-schwaebisch-gmuend.de\/\",\"logo\":{\"@type\":\"ImageObject\",\"inLanguage\":\"de\",\"@id\":\"https:\/\/zonta-schwaebisch-gmuend.de\/#\/schema\/logo\/image\/\",\"url\":\"https:\/\/zonta-schwaebisch-gmuend.de\/wp-content\/uploads\/2023\/08\/Zonta-Club-of-Schwaebisch-Gmuend-Logo_New-Tag_Horizontal_Color-2.png\",\"contentUrl\":\"https:\/\/zonta-schwaebisch-gmuend.de\/wp-content\/uploads\/2023\/08\/Zonta-Club-of-Schwaebisch-Gmuend-Logo_New-Tag_Horizontal_Color-2.png\",\"width\":4738,\"height\":1546,\"caption\":\"Zonta Club Schw\u00e4bisch Gm\u00fcnd e.V.\"},\"image\":{\"@id\":\"https:\/\/zonta-schwaebisch-gmuend.de\/#\/schema\/logo\/image\/\"},\"sameAs\":[\"https:\/\/www.instagram.com\/zontaschwaebischgmuend\/\"]},{\"@type\":\"Person\",\"@id\":\"https:\/\/zonta-schwaebisch-gmuend.de\/#\/schema\/person\/df9e2767c1e8e3e8466de6226364e48b\",\"name\":\"Claudia Langenbacher\",\"image\":{\"@type\":\"ImageObject\",\"inLanguage\":\"de\",\"@id\":\"https:\/\/secure.gravatar.com\/avatar\/dc118795df76bc49ba198fba6c16b5db3793711a29782b55e0636072dc202cd6?s=96&d=mm&r=g\",\"url\":\"https:\/\/secure.gravatar.com\/avatar\/dc118795df76bc49ba198fba6c16b5db3793711a29782b55e0636072dc202cd6?s=96&d=mm&r=g\",\"contentUrl\":\"https:\/\/secure.gravatar.com\/avatar\/dc118795df76bc49ba198fba6c16b5db3793711a29782b55e0636072dc202cd6?s=96&d=mm&r=g\",\"caption\":\"Claudia Langenbacher\"},\"url\":\"https:\/\/zonta-schwaebisch-gmuend.de\/index.php\/author\/clangenbacher\/\"}]}<\/script>\n<!-- \/ Yoast SEO plugin. -->","yoast_head_json":{"title":"Vortrag Frau Sabine Rink Integrationsmanagerin in Schw\u00e4bisch Gm\u00fcnd am 23. Januar 2025 - Zonta Club Schw\u00e4bisch Gm\u00fcnd e.V.","robots":{"index":"index","follow":"follow","max-snippet":"max-snippet:-1","max-image-preview":"max-image-preview:large","max-video-preview":"max-video-preview:-1"},"canonical":"https:\/\/zonta-schwaebisch-gmuend.de\/index.php\/2025\/01\/26\/vortrag-frau-sabine-rink-integrationsmanageri-schwaebisch-gmuendn\/","og_locale":"de_DE","og_type":"article","og_title":"Vortrag Frau Sabine Rink Integrationsmanagerin in Schw\u00e4bisch Gm\u00fcnd am 23. Januar 2025 - Zonta Club Schw\u00e4bisch Gm\u00fcnd e.V.","og_description":"Frau Sabine Rink, Integrationsmanagerin der Stadt Schw\u00e4bisch Gm\u00fcnd, besuchte unser","og_url":"https:\/\/zonta-schwaebisch-gmuend.de\/index.php\/2025\/01\/26\/vortrag-frau-sabine-rink-integrationsmanageri-schwaebisch-gmuendn\/","og_site_name":"Zonta Club Schw\u00e4bisch Gm\u00fcnd e.V.","article_published_time":"2025-01-26T13:58:56+00:00","article_modified_time":"2025-01-26T14:08:33+00:00","og_image":[{"width":1280,"height":1817,"url":"https:\/\/zonta-schwaebisch-gmuend.de\/wp-content\/uploads\/2025\/01\/IMG_3865.jpg","type":"image\/jpeg"}],"author":"Claudia Langenbacher","twitter_card":"summary_large_image","twitter_misc":{"Geschrieben von":"Claudia Langenbacher","Gesch\u00e4tzte Lesezeit":"1\u00a0Minute"},"schema":{"@context":"https:\/\/schema.org","@graph":[{"@type":"Article","@id":"https:\/\/zonta-schwaebisch-gmuend.de\/index.php\/2025\/01\/26\/vortrag-frau-sabine-rink-integrationsmanageri-schwaebisch-gmuendn\/#article","isPartOf":{"@id":"https:\/\/zonta-schwaebisch-gmuend.de\/index.php\/2025\/01\/26\/vortrag-frau-sabine-rink-integrationsmanageri-schwaebisch-gmuendn\/"},"author":{"name":"Claudia Langenbacher","@id":"https:\/\/zonta-schwaebisch-gmuend.de\/#\/schema\/person\/df9e2767c1e8e3e8466de6226364e48b"},"headline":"Vortrag Frau Sabine Rink Integrationsmanagerin in Schw\u00e4bisch Gm\u00fcnd am 23. Januar 2025","datePublished":"2025-01-26T13:58:56+00:00","dateModified":"2025-01-26T14:08:33+00:00","mainEntityOfPage":{"@id":"https:\/\/zonta-schwaebisch-gmuend.de\/index.php\/2025\/01\/26\/vortrag-frau-sabine-rink-integrationsmanageri-schwaebisch-gmuendn\/"},"wordCount":112,"commentCount":0,"publisher":{"@id":"https:\/\/zonta-schwaebisch-gmuend.de\/#organization"},"image":{"@id":"https:\/\/zonta-schwaebisch-gmuend.de\/index.php\/2025\/01\/26\/vortrag-frau-sabine-rink-integrationsmanageri-schwaebisch-gmuendn\/#primaryimage"},"thumbnailUrl":"https:\/\/zonta-schwaebisch-gmuend.de\/wp-content\/uploads\/2025\/01\/IMG_3865-721x1024.jpg","articleSection":["Clubleben"],"inLanguage":"de","potentialAction":[{"@type":"CommentAction","name":"Comment","target":["https:\/\/zonta-schwaebisch-gmuend.de\/index.php\/2025\/01\/26\/vortrag-frau-sabine-rink-integrationsmanageri-schwaebisch-gmuendn\/#respond"]}]},{"@type":"WebPage","@id":"https:\/\/zonta-schwaebisch-gmuend.de\/index.php\/2025\/01\/26\/vortrag-frau-sabine-rink-integrationsmanageri-schwaebisch-gmuendn\/","url":"https:\/\/zonta-schwaebisch-gmuend.de\/index.php\/2025\/01\/26\/vortrag-frau-sabine-rink-integrationsmanageri-schwaebisch-gmuendn\/","name":"Vortrag Frau Sabine Rink Integrationsmanagerin in Schw\u00e4bisch Gm\u00fcnd am 23. Januar 2025 - Zonta Club Schw\u00e4bisch Gm\u00fcnd e.V.","isPartOf":{"@id":"https:\/\/zonta-schwaebisch-gmuend.de\/#website"},"primaryImageOfPage":{"@id":"https:\/\/zonta-schwaebisch-gmuend.de\/index.php\/2025\/01\/26\/vortrag-frau-sabine-rink-integrationsmanageri-schwaebisch-gmuendn\/#primaryimage"},"image":{"@id":"https:\/\/zonta-schwaebisch-gmuend.de\/index.php\/2025\/01\/26\/vortrag-frau-sabine-rink-integrationsmanageri-schwaebisch-gmuendn\/#primaryimage"},"thumbnailUrl":"https:\/\/zonta-schwaebisch-gmuend.de\/wp-content\/uploads\/2025\/01\/IMG_3865-721x1024.jpg","datePublished":"2025-01-26T13:58:56+00:00","dateModified":"2025-01-26T14:08:33+00:00","breadcrumb":{"@id":"https:\/\/zonta-schwaebisch-gmuend.de\/index.php\/2025\/01\/26\/vortrag-frau-sabine-rink-integrationsmanageri-schwaebisch-gmuendn\/#breadcrumb"},"inLanguage":"de","potentialAction":[{"@type":"ReadAction","target":["https:\/\/zonta-schwaebisch-gmuend.de\/index.php\/2025\/01\/26\/vortrag-frau-sabine-rink-integrationsmanageri-schwaebisch-gmuendn\/"]}]},{"@type":"ImageObject","inLanguage":"de","@id":"https:\/\/zonta-schwaebisch-gmuend.de\/index.php\/2025\/01\/26\/vortrag-frau-sabine-rink-integrationsmanageri-schwaebisch-gmuendn\/#primaryimage","url":"https:\/\/zonta-schwaebisch-gmuend.de\/wp-content\/uploads\/2025\/01\/IMG_3865.jpg","contentUrl":"https:\/\/zonta-schwaebisch-gmuend.de\/wp-content\/uploads\/2025\/01\/IMG_3865.jpg","width":1280,"height":1817},{"@type":"BreadcrumbList","@id":"https:\/\/zonta-schwaebisch-gmuend.de\/index.php\/2025\/01\/26\/vortrag-frau-sabine-rink-integrationsmanageri-schwaebisch-gmuendn\/#breadcrumb","itemListElement":[{"@type":"ListItem","position":1,"name":"Startseite","item":"https:\/\/zonta-schwaebisch-gmuend.de\/"},{"@type":"ListItem","position":2,"name":"Vortrag Frau Sabine Rink Integrationsmanagerin in Schw\u00e4bisch Gm\u00fcnd am 23. Januar 2025"}]},{"@type":"WebSite","@id":"https:\/\/zonta-schwaebisch-gmuend.de\/#website","url":"https:\/\/zonta-schwaebisch-gmuend.de\/","name":"Zonta Club Schw\u00e4bisch Gm\u00fcnd e.V.","description":"","publisher":{"@id":"https:\/\/zonta-schwaebisch-gmuend.de\/#organization"},"potentialAction":[{"@type":"SearchAction","target":{"@type":"EntryPoint","urlTemplate":"https:\/\/zonta-schwaebisch-gmuend.de\/?s={search_term_string}"},"query-input":{"@type":"PropertyValueSpecification","valueRequired":true,"valueName":"search_term_string"}}],"inLanguage":"de"},{"@type":"Organization","@id":"https:\/\/zonta-schwaebisch-gmuend.de\/#organization","name":"Zonta Club Schw\u00e4bisch Gm\u00fcnd e.V.","url":"https:\/\/zonta-schwaebisch-gmuend.de\/","logo":{"@type":"ImageObject","inLanguage":"de","@id":"https:\/\/zonta-schwaebisch-gmuend.de\/#\/schema\/logo\/image\/","url":"https:\/\/zonta-schwaebisch-gmuend.de\/wp-content\/uploads\/2023\/08\/Zonta-Club-of-Schwaebisch-Gmuend-Logo_New-Tag_Horizontal_Color-2.png","contentUrl":"https:\/\/zonta-schwaebisch-gmuend.de\/wp-content\/uploads\/2023\/08\/Zonta-Club-of-Schwaebisch-Gmuend-Logo_New-Tag_Horizontal_Color-2.png","width":4738,"height":1546,"caption":"Zonta Club Schw\u00e4bisch Gm\u00fcnd e.V."},"image":{"@id":"https:\/\/zonta-schwaebisch-gmuend.de\/#\/schema\/logo\/image\/"},"sameAs":["https:\/\/www.instagram.com\/zontaschwaebischgmuend\/"]},{"@type":"Person","@id":"https:\/\/zonta-schwaebisch-gmuend.de\/#\/schema\/person\/df9e2767c1e8e3e8466de6226364e48b","name":"Claudia Langenbacher","image":{"@type":"ImageObject","inLanguage":"de","@id":"https:\/\/secure.gravatar.com\/avatar\/dc118795df76bc49ba198fba6c16b5db3793711a29782b55e0636072dc202cd6?s=96&d=mm&r=g","url":"https:\/\/secure.gravatar.com\/avatar\/dc118795df76bc49ba198fba6c16b5db3793711a29782b55e0636072dc202cd6?s=96&d=mm&r=g","contentUrl":"https:\/\/secure.gravatar.com\/avatar\/dc118795df76bc49ba198fba6c16b5db3793711a29782b55e0636072dc202cd6?s=96&d=mm&r=g","caption":"Claudia Langenbacher"},"url":"https:\/\/zonta-schwaebisch-gmuend.de\/index.php\/author\/clangenbacher\/"}]}},"_links":{"self":[{"href":"https:\/\/zonta-schwaebisch-gmuend.de\/index.php\/wp-json\/wp\/v2\/posts\/1553","targetHints":{"allow":["GET"]}}],"collection":[{"href":"https:\/\/zonta-schwaebisch-gmuend.de\/index.php\/wp-json\/wp\/v2\/posts"}],"about":[{"href":"https:\/\/zonta-schwaebisch-gmuend.de\/index.php\/wp-json\/wp\/v2\/types\/post"}],"author":[{"embeddable":true,"href":"https:\/\/zonta-schwaebisch-gmuend.de\/index.php\/wp-json\/wp\/v2\/users\/2"}],"replies":[{"embeddable":true,"href":"https:\/\/zonta-schwaebisch-gmuend.de\/index.php\/wp-json\/wp\/v2\/comments?post=1553"}],"version-history":[{"count":5,"href":"https:\/\/zonta-schwaebisch-gmuend.de\/index.php\/wp-json\/wp\/v2\/posts\/1553\/revisions"}],"predecessor-version":[{"id":1562,"href":"https:\/\/zonta-schwaebisch-gmuend.de\/index.php\/wp-json\/wp\/v2\/posts\/1553\/revisions\/1562"}],"wp:attachment":[{"href":"https:\/\/zonta-schwaebisch-gmuend.de\/index.php\/wp-json\/wp\/v2\/media?parent=1553"}],"wp:term":[{"taxonomy":"category","embeddable":true,"href":"https:\/\/zonta-schwaebisch-gmuend.de\/index.php\/wp-json\/wp\/v2\/categories?post=1553"},{"taxonomy":"post_tag","embeddable":true,"href":"https:\/\/zonta-schwaebisch-gmuend.de\/index.php\/wp-json\/wp\/v2\/tags?post=1553"}],"curies":[{"name":"wp","href":"https:\/\/api.w.org\/{rel}","templated":true}]}}