{"id":1407,"date":"2024-11-01T11:05:46","date_gmt":"2024-11-01T10:05:46","guid":{"rendered":"https:\/\/zonta-schwaebisch-gmuend.de\/?p=1407"},"modified":"2024-11-01T11:37:16","modified_gmt":"2024-11-01T10:37:16","slug":"zu-gast-beim-tag-der-offenen-tuer-frauen-helfen-frauen-e-v","status":"publish","type":"post","link":"https:\/\/zonta-schwaebisch-gmuend.de\/index.php\/2024\/11\/01\/zu-gast-beim-tag-der-offenen-tuer-frauen-helfen-frauen-e-v\/","title":{"rendered":"Zu Gast beim Tag der offenen T\u00fcr &#8222;Frauen helfen Frauen e.V.&#8220;"},"content":{"rendered":"<p>Unsere Pr\u00e4sidentin, Frau Sabine Dombrowski-Riegert, besuchte den Tag der offenen T\u00fcr bei &#8222;Frauen helfen Frauen e.V.&#8220; in der Lorcher Stra\u00dfe in Schw\u00e4bisch Gm\u00fcnd. In angenehmer Atmosph\u00e4re und bei guten Gespr\u00e4chen gelang es ihr, neue Kontakte kn\u00fcpfen und Anregungen f\u00fcr unseren Club mitzunehmen. Auf dem Bild neben Sabine Dombrowski-Riegert zu sehen ist Frau Regina Krieg, Sozialarbeiterin bei der a.l.s.o. und Frau Nuran G\u00f6nenc, ehrenamtliche Mitarbeitern bei der a.l.s.o.<\/p>\n<p><img decoding=\"async\" class=\"lazyload alignnone wp-image-1409\" src=\"https:\/\/zonta-schwaebisch-gmuend.de\/wp-content\/uploads\/2024\/11\/IMG_3529-1-1024x650.jpg\" data-orig-src=\"https:\/\/zonta-schwaebisch-gmuend.de\/wp-content\/uploads\/2024\/11\/IMG_3529-1-1024x650.jpg\" alt=\"\" width=\"455\" height=\"289\" srcset=\"data:image\/svg+xml,%3Csvg%20xmlns%3D%27http%3A%2F%2Fwww.w3.org%2F2000%2Fsvg%27%20width%3D%27455%27%20height%3D%27289%27%20viewBox%3D%270%200%20455%20289%27%3E%3Crect%20width%3D%27455%27%20height%3D%27289%27%20fill-opacity%3D%220%22%2F%3E%3C%2Fsvg%3E\" data-srcset=\"https:\/\/zonta-schwaebisch-gmuend.de\/wp-content\/uploads\/2024\/11\/IMG_3529-1-200x127.jpg 200w, https:\/\/zonta-schwaebisch-gmuend.de\/wp-content\/uploads\/2024\/11\/IMG_3529-1-300x190.jpg 300w, https:\/\/zonta-schwaebisch-gmuend.de\/wp-content\/uploads\/2024\/11\/IMG_3529-1-320x202.jpg 320w, https:\/\/zonta-schwaebisch-gmuend.de\/wp-content\/uploads\/2024\/11\/IMG_3529-1-400x254.jpg 400w, https:\/\/zonta-schwaebisch-gmuend.de\/wp-content\/uploads\/2024\/11\/IMG_3529-1-600x381.jpg 600w, https:\/\/zonta-schwaebisch-gmuend.de\/wp-content\/uploads\/2024\/11\/IMG_3529-1-768x488.jpg 768w, https:\/\/zonta-schwaebisch-gmuend.de\/wp-content\/uploads\/2024\/11\/IMG_3529-1-800x508.jpg 800w, https:\/\/zonta-schwaebisch-gmuend.de\/wp-content\/uploads\/2024\/11\/IMG_3529-1-1024x650.jpg 1024w, https:\/\/zonta-schwaebisch-gmuend.de\/wp-content\/uploads\/2024\/11\/IMG_3529-1-1200x762.jpg 1200w, https:\/\/zonta-schwaebisch-gmuend.de\/wp-content\/uploads\/2024\/11\/IMG_3529-1-1536x975.jpg 1536w, https:\/\/zonta-schwaebisch-gmuend.de\/wp-content\/uploads\/2024\/11\/IMG_3529-1.jpg 1799w\" data-sizes=\"auto\" data-orig-sizes=\"(max-width: 455px) 100vw, 455px\" \/><\/p>\n","protected":false},"excerpt":{"rendered":"<p>Unsere Pr\u00e4sidentin, Frau Sabine Dombrowski-Riegert, besuchte den Tag der offenen<\/p>\n","protected":false},"author":2,"featured_media":0,"comment_status":"open","ping_status":"open","sticky":false,"template":"","format":"standard","meta":{"footnotes":""},"categories":[42],"tags":[],"class_list":["post-1407","post","type-post","status-publish","format-standard","hentry","category-presseevents"],"yoast_head":"<!-- This site is optimized with the Yoast SEO plugin v27.2 - https:\/\/yoast.com\/product\/yoast-seo-wordpress\/ -->\n<title>Zu Gast beim Tag der offenen T\u00fcr &quot;Frauen helfen Frauen e.V.&quot; - Zonta Club Schw\u00e4bisch Gm\u00fcnd e.V.<\/title>\n<meta name=\"robots\" content=\"index, follow, max-snippet:-1, max-image-preview:large, max-video-preview:-1\" \/>\n<link rel=\"canonical\" href=\"https:\/\/zonta-schwaebisch-gmuend.de\/index.php\/2024\/11\/01\/zu-gast-beim-tag-der-offenen-tuer-frauen-helfen-frauen-e-v\/\" \/>\n<meta property=\"og:locale\" content=\"de_DE\" \/>\n<meta property=\"og:type\" content=\"article\" \/>\n<meta property=\"og:title\" content=\"Zu Gast beim Tag der offenen T\u00fcr &quot;Frauen helfen Frauen e.V.&quot; - Zonta Club Schw\u00e4bisch Gm\u00fcnd e.V.\" \/>\n<meta property=\"og:description\" content=\"Unsere Pr\u00e4sidentin, Frau Sabine Dombrowski-Riegert, besuchte den Tag der offenen\" \/>\n<meta property=\"og:url\" content=\"https:\/\/zonta-schwaebisch-gmuend.de\/index.php\/2024\/11\/01\/zu-gast-beim-tag-der-offenen-tuer-frauen-helfen-frauen-e-v\/\" \/>\n<meta property=\"og:site_name\" content=\"Zonta Club Schw\u00e4bisch Gm\u00fcnd e.V.\" \/>\n<meta property=\"article:published_time\" content=\"2024-11-01T10:05:46+00:00\" \/>\n<meta property=\"article:modified_time\" content=\"2024-11-01T10:37:16+00:00\" \/>\n<meta property=\"og:image\" content=\"https:\/\/zonta-schwaebisch-gmuend.de\/wp-content\/uploads\/2024\/11\/IMG_3529-1.jpg\" \/>\n\t<meta property=\"og:image:width\" content=\"1799\" \/>\n\t<meta property=\"og:image:height\" content=\"1142\" \/>\n\t<meta property=\"og:image:type\" content=\"image\/jpeg\" \/>\n<meta name=\"author\" content=\"Claudia Langenbacher\" \/>\n<meta name=\"twitter:card\" content=\"summary_large_image\" \/>\n<meta name=\"twitter:label1\" content=\"Geschrieben von\" \/>\n\t<meta name=\"twitter:data1\" content=\"Claudia Langenbacher\" \/>\n\t<meta name=\"twitter:label2\" content=\"Gesch\u00e4tzte Lesezeit\" \/>\n\t<meta name=\"twitter:data2\" content=\"1\u00a0Minute\" \/>\n<script type=\"application\/ld+json\" class=\"yoast-schema-graph\">{\"@context\":\"https:\/\/schema.org\",\"@graph\":[{\"@type\":\"Article\",\"@id\":\"https:\/\/zonta-schwaebisch-gmuend.de\/index.php\/2024\/11\/01\/zu-gast-beim-tag-der-offenen-tuer-frauen-helfen-frauen-e-v\/#article\",\"isPartOf\":{\"@id\":\"https:\/\/zonta-schwaebisch-gmuend.de\/index.php\/2024\/11\/01\/zu-gast-beim-tag-der-offenen-tuer-frauen-helfen-frauen-e-v\/\"},\"author\":{\"name\":\"Claudia Langenbacher\",\"@id\":\"https:\/\/zonta-schwaebisch-gmuend.de\/#\/schema\/person\/df9e2767c1e8e3e8466de6226364e48b\"},\"headline\":\"Zu Gast beim Tag der offenen T\u00fcr &#8222;Frauen helfen Frauen e.V.&#8220;\",\"datePublished\":\"2024-11-01T10:05:46+00:00\",\"dateModified\":\"2024-11-01T10:37:16+00:00\",\"mainEntityOfPage\":{\"@id\":\"https:\/\/zonta-schwaebisch-gmuend.de\/index.php\/2024\/11\/01\/zu-gast-beim-tag-der-offenen-tuer-frauen-helfen-frauen-e-v\/\"},\"wordCount\":97,\"commentCount\":0,\"publisher\":{\"@id\":\"https:\/\/zonta-schwaebisch-gmuend.de\/#organization\"},\"image\":{\"@id\":\"https:\/\/zonta-schwaebisch-gmuend.de\/index.php\/2024\/11\/01\/zu-gast-beim-tag-der-offenen-tuer-frauen-helfen-frauen-e-v\/#primaryimage\"},\"thumbnailUrl\":\"https:\/\/zonta-schwaebisch-gmuend.de\/wp-content\/uploads\/2024\/11\/IMG_3529-1-1024x650.jpg\",\"articleSection\":[\"PresseEvents\"],\"inLanguage\":\"de\",\"potentialAction\":[{\"@type\":\"CommentAction\",\"name\":\"Comment\",\"target\":[\"https:\/\/zonta-schwaebisch-gmuend.de\/index.php\/2024\/11\/01\/zu-gast-beim-tag-der-offenen-tuer-frauen-helfen-frauen-e-v\/#respond\"]}]},{\"@type\":\"WebPage\",\"@id\":\"https:\/\/zonta-schwaebisch-gmuend.de\/index.php\/2024\/11\/01\/zu-gast-beim-tag-der-offenen-tuer-frauen-helfen-frauen-e-v\/\",\"url\":\"https:\/\/zonta-schwaebisch-gmuend.de\/index.php\/2024\/11\/01\/zu-gast-beim-tag-der-offenen-tuer-frauen-helfen-frauen-e-v\/\",\"name\":\"Zu Gast beim Tag der offenen T\u00fcr \\\"Frauen helfen Frauen e.V.\\\" - Zonta Club Schw\u00e4bisch Gm\u00fcnd e.V.\",\"isPartOf\":{\"@id\":\"https:\/\/zonta-schwaebisch-gmuend.de\/#website\"},\"primaryImageOfPage\":{\"@id\":\"https:\/\/zonta-schwaebisch-gmuend.de\/index.php\/2024\/11\/01\/zu-gast-beim-tag-der-offenen-tuer-frauen-helfen-frauen-e-v\/#primaryimage\"},\"image\":{\"@id\":\"https:\/\/zonta-schwaebisch-gmuend.de\/index.php\/2024\/11\/01\/zu-gast-beim-tag-der-offenen-tuer-frauen-helfen-frauen-e-v\/#primaryimage\"},\"thumbnailUrl\":\"https:\/\/zonta-schwaebisch-gmuend.de\/wp-content\/uploads\/2024\/11\/IMG_3529-1-1024x650.jpg\",\"datePublished\":\"2024-11-01T10:05:46+00:00\",\"dateModified\":\"2024-11-01T10:37:16+00:00\",\"breadcrumb\":{\"@id\":\"https:\/\/zonta-schwaebisch-gmuend.de\/index.php\/2024\/11\/01\/zu-gast-beim-tag-der-offenen-tuer-frauen-helfen-frauen-e-v\/#breadcrumb\"},\"inLanguage\":\"de\",\"potentialAction\":[{\"@type\":\"ReadAction\",\"target\":[\"https:\/\/zonta-schwaebisch-gmuend.de\/index.php\/2024\/11\/01\/zu-gast-beim-tag-der-offenen-tuer-frauen-helfen-frauen-e-v\/\"]}]},{\"@type\":\"ImageObject\",\"inLanguage\":\"de\",\"@id\":\"https:\/\/zonta-schwaebisch-gmuend.de\/index.php\/2024\/11\/01\/zu-gast-beim-tag-der-offenen-tuer-frauen-helfen-frauen-e-v\/#primaryimage\",\"url\":\"https:\/\/zonta-schwaebisch-gmuend.de\/wp-content\/uploads\/2024\/11\/IMG_3529-1.jpg\",\"contentUrl\":\"https:\/\/zonta-schwaebisch-gmuend.de\/wp-content\/uploads\/2024\/11\/IMG_3529-1.jpg\",\"width\":1799,\"height\":1142},{\"@type\":\"BreadcrumbList\",\"@id\":\"https:\/\/zonta-schwaebisch-gmuend.de\/index.php\/2024\/11\/01\/zu-gast-beim-tag-der-offenen-tuer-frauen-helfen-frauen-e-v\/#breadcrumb\",\"itemListElement\":[{\"@type\":\"ListItem\",\"position\":1,\"name\":\"Startseite\",\"item\":\"https:\/\/zonta-schwaebisch-gmuend.de\/\"},{\"@type\":\"ListItem\",\"position\":2,\"name\":\"Zu Gast beim Tag der offenen T\u00fcr &#8222;Frauen helfen Frauen e.V.&#8220;\"}]},{\"@type\":\"WebSite\",\"@id\":\"https:\/\/zonta-schwaebisch-gmuend.de\/#website\",\"url\":\"https:\/\/zonta-schwaebisch-gmuend.de\/\",\"name\":\"Zonta Club Schw\u00e4bisch Gm\u00fcnd e.V.\",\"description\":\"\",\"publisher\":{\"@id\":\"https:\/\/zonta-schwaebisch-gmuend.de\/#organization\"},\"potentialAction\":[{\"@type\":\"SearchAction\",\"target\":{\"@type\":\"EntryPoint\",\"urlTemplate\":\"https:\/\/zonta-schwaebisch-gmuend.de\/?s={search_term_string}\"},\"query-input\":{\"@type\":\"PropertyValueSpecification\",\"valueRequired\":true,\"valueName\":\"search_term_string\"}}],\"inLanguage\":\"de\"},{\"@type\":\"Organization\",\"@id\":\"https:\/\/zonta-schwaebisch-gmuend.de\/#organization\",\"name\":\"Zonta Club Schw\u00e4bisch Gm\u00fcnd e.V.\",\"url\":\"https:\/\/zonta-schwaebisch-gmuend.de\/\",\"logo\":{\"@type\":\"ImageObject\",\"inLanguage\":\"de\",\"@id\":\"https:\/\/zonta-schwaebisch-gmuend.de\/#\/schema\/logo\/image\/\",\"url\":\"https:\/\/zonta-schwaebisch-gmuend.de\/wp-content\/uploads\/2023\/08\/Zonta-Club-of-Schwaebisch-Gmuend-Logo_New-Tag_Horizontal_Color-2.png\",\"contentUrl\":\"https:\/\/zonta-schwaebisch-gmuend.de\/wp-content\/uploads\/2023\/08\/Zonta-Club-of-Schwaebisch-Gmuend-Logo_New-Tag_Horizontal_Color-2.png\",\"width\":4738,\"height\":1546,\"caption\":\"Zonta Club Schw\u00e4bisch Gm\u00fcnd e.V.\"},\"image\":{\"@id\":\"https:\/\/zonta-schwaebisch-gmuend.de\/#\/schema\/logo\/image\/\"},\"sameAs\":[\"https:\/\/www.instagram.com\/zontaschwaebischgmuend\/\"]},{\"@type\":\"Person\",\"@id\":\"https:\/\/zonta-schwaebisch-gmuend.de\/#\/schema\/person\/df9e2767c1e8e3e8466de6226364e48b\",\"name\":\"Claudia Langenbacher\",\"image\":{\"@type\":\"ImageObject\",\"inLanguage\":\"de\",\"@id\":\"https:\/\/secure.gravatar.com\/avatar\/dc118795df76bc49ba198fba6c16b5db3793711a29782b55e0636072dc202cd6?s=96&d=mm&r=g\",\"url\":\"https:\/\/secure.gravatar.com\/avatar\/dc118795df76bc49ba198fba6c16b5db3793711a29782b55e0636072dc202cd6?s=96&d=mm&r=g\",\"contentUrl\":\"https:\/\/secure.gravatar.com\/avatar\/dc118795df76bc49ba198fba6c16b5db3793711a29782b55e0636072dc202cd6?s=96&d=mm&r=g\",\"caption\":\"Claudia Langenbacher\"},\"url\":\"https:\/\/zonta-schwaebisch-gmuend.de\/index.php\/author\/clangenbacher\/\"}]}<\/script>\n<!-- \/ Yoast SEO plugin. -->","yoast_head_json":{"title":"Zu Gast beim Tag der offenen T\u00fcr \"Frauen helfen Frauen e.V.\" - Zonta Club Schw\u00e4bisch Gm\u00fcnd e.V.","robots":{"index":"index","follow":"follow","max-snippet":"max-snippet:-1","max-image-preview":"max-image-preview:large","max-video-preview":"max-video-preview:-1"},"canonical":"https:\/\/zonta-schwaebisch-gmuend.de\/index.php\/2024\/11\/01\/zu-gast-beim-tag-der-offenen-tuer-frauen-helfen-frauen-e-v\/","og_locale":"de_DE","og_type":"article","og_title":"Zu Gast beim Tag der offenen T\u00fcr \"Frauen helfen Frauen e.V.\" - Zonta Club Schw\u00e4bisch Gm\u00fcnd e.V.","og_description":"Unsere Pr\u00e4sidentin, Frau Sabine Dombrowski-Riegert, besuchte den Tag der offenen","og_url":"https:\/\/zonta-schwaebisch-gmuend.de\/index.php\/2024\/11\/01\/zu-gast-beim-tag-der-offenen-tuer-frauen-helfen-frauen-e-v\/","og_site_name":"Zonta Club Schw\u00e4bisch Gm\u00fcnd e.V.","article_published_time":"2024-11-01T10:05:46+00:00","article_modified_time":"2024-11-01T10:37:16+00:00","og_image":[{"width":1799,"height":1142,"url":"https:\/\/zonta-schwaebisch-gmuend.de\/wp-content\/uploads\/2024\/11\/IMG_3529-1.jpg","type":"image\/jpeg"}],"author":"Claudia Langenbacher","twitter_card":"summary_large_image","twitter_misc":{"Geschrieben von":"Claudia Langenbacher","Gesch\u00e4tzte Lesezeit":"1\u00a0Minute"},"schema":{"@context":"https:\/\/schema.org","@graph":[{"@type":"Article","@id":"https:\/\/zonta-schwaebisch-gmuend.de\/index.php\/2024\/11\/01\/zu-gast-beim-tag-der-offenen-tuer-frauen-helfen-frauen-e-v\/#article","isPartOf":{"@id":"https:\/\/zonta-schwaebisch-gmuend.de\/index.php\/2024\/11\/01\/zu-gast-beim-tag-der-offenen-tuer-frauen-helfen-frauen-e-v\/"},"author":{"name":"Claudia Langenbacher","@id":"https:\/\/zonta-schwaebisch-gmuend.de\/#\/schema\/person\/df9e2767c1e8e3e8466de6226364e48b"},"headline":"Zu Gast beim Tag der offenen T\u00fcr &#8222;Frauen helfen Frauen e.V.&#8220;","datePublished":"2024-11-01T10:05:46+00:00","dateModified":"2024-11-01T10:37:16+00:00","mainEntityOfPage":{"@id":"https:\/\/zonta-schwaebisch-gmuend.de\/index.php\/2024\/11\/01\/zu-gast-beim-tag-der-offenen-tuer-frauen-helfen-frauen-e-v\/"},"wordCount":97,"commentCount":0,"publisher":{"@id":"https:\/\/zonta-schwaebisch-gmuend.de\/#organization"},"image":{"@id":"https:\/\/zonta-schwaebisch-gmuend.de\/index.php\/2024\/11\/01\/zu-gast-beim-tag-der-offenen-tuer-frauen-helfen-frauen-e-v\/#primaryimage"},"thumbnailUrl":"https:\/\/zonta-schwaebisch-gmuend.de\/wp-content\/uploads\/2024\/11\/IMG_3529-1-1024x650.jpg","articleSection":["PresseEvents"],"inLanguage":"de","potentialAction":[{"@type":"CommentAction","name":"Comment","target":["https:\/\/zonta-schwaebisch-gmuend.de\/index.php\/2024\/11\/01\/zu-gast-beim-tag-der-offenen-tuer-frauen-helfen-frauen-e-v\/#respond"]}]},{"@type":"WebPage","@id":"https:\/\/zonta-schwaebisch-gmuend.de\/index.php\/2024\/11\/01\/zu-gast-beim-tag-der-offenen-tuer-frauen-helfen-frauen-e-v\/","url":"https:\/\/zonta-schwaebisch-gmuend.de\/index.php\/2024\/11\/01\/zu-gast-beim-tag-der-offenen-tuer-frauen-helfen-frauen-e-v\/","name":"Zu Gast beim Tag der offenen T\u00fcr \"Frauen helfen Frauen e.V.\" - Zonta Club Schw\u00e4bisch Gm\u00fcnd e.V.","isPartOf":{"@id":"https:\/\/zonta-schwaebisch-gmuend.de\/#website"},"primaryImageOfPage":{"@id":"https:\/\/zonta-schwaebisch-gmuend.de\/index.php\/2024\/11\/01\/zu-gast-beim-tag-der-offenen-tuer-frauen-helfen-frauen-e-v\/#primaryimage"},"image":{"@id":"https:\/\/zonta-schwaebisch-gmuend.de\/index.php\/2024\/11\/01\/zu-gast-beim-tag-der-offenen-tuer-frauen-helfen-frauen-e-v\/#primaryimage"},"thumbnailUrl":"https:\/\/zonta-schwaebisch-gmuend.de\/wp-content\/uploads\/2024\/11\/IMG_3529-1-1024x650.jpg","datePublished":"2024-11-01T10:05:46+00:00","dateModified":"2024-11-01T10:37:16+00:00","breadcrumb":{"@id":"https:\/\/zonta-schwaebisch-gmuend.de\/index.php\/2024\/11\/01\/zu-gast-beim-tag-der-offenen-tuer-frauen-helfen-frauen-e-v\/#breadcrumb"},"inLanguage":"de","potentialAction":[{"@type":"ReadAction","target":["https:\/\/zonta-schwaebisch-gmuend.de\/index.php\/2024\/11\/01\/zu-gast-beim-tag-der-offenen-tuer-frauen-helfen-frauen-e-v\/"]}]},{"@type":"ImageObject","inLanguage":"de","@id":"https:\/\/zonta-schwaebisch-gmuend.de\/index.php\/2024\/11\/01\/zu-gast-beim-tag-der-offenen-tuer-frauen-helfen-frauen-e-v\/#primaryimage","url":"https:\/\/zonta-schwaebisch-gmuend.de\/wp-content\/uploads\/2024\/11\/IMG_3529-1.jpg","contentUrl":"https:\/\/zonta-schwaebisch-gmuend.de\/wp-content\/uploads\/2024\/11\/IMG_3529-1.jpg","width":1799,"height":1142},{"@type":"BreadcrumbList","@id":"https:\/\/zonta-schwaebisch-gmuend.de\/index.php\/2024\/11\/01\/zu-gast-beim-tag-der-offenen-tuer-frauen-helfen-frauen-e-v\/#breadcrumb","itemListElement":[{"@type":"ListItem","position":1,"name":"Startseite","item":"https:\/\/zonta-schwaebisch-gmuend.de\/"},{"@type":"ListItem","position":2,"name":"Zu Gast beim Tag der offenen T\u00fcr &#8222;Frauen helfen Frauen e.V.&#8220;"}]},{"@type":"WebSite","@id":"https:\/\/zonta-schwaebisch-gmuend.de\/#website","url":"https:\/\/zonta-schwaebisch-gmuend.de\/","name":"Zonta Club Schw\u00e4bisch Gm\u00fcnd e.V.","description":"","publisher":{"@id":"https:\/\/zonta-schwaebisch-gmuend.de\/#organization"},"potentialAction":[{"@type":"SearchAction","target":{"@type":"EntryPoint","urlTemplate":"https:\/\/zonta-schwaebisch-gmuend.de\/?s={search_term_string}"},"query-input":{"@type":"PropertyValueSpecification","valueRequired":true,"valueName":"search_term_string"}}],"inLanguage":"de"},{"@type":"Organization","@id":"https:\/\/zonta-schwaebisch-gmuend.de\/#organization","name":"Zonta Club Schw\u00e4bisch Gm\u00fcnd e.V.","url":"https:\/\/zonta-schwaebisch-gmuend.de\/","logo":{"@type":"ImageObject","inLanguage":"de","@id":"https:\/\/zonta-schwaebisch-gmuend.de\/#\/schema\/logo\/image\/","url":"https:\/\/zonta-schwaebisch-gmuend.de\/wp-content\/uploads\/2023\/08\/Zonta-Club-of-Schwaebisch-Gmuend-Logo_New-Tag_Horizontal_Color-2.png","contentUrl":"https:\/\/zonta-schwaebisch-gmuend.de\/wp-content\/uploads\/2023\/08\/Zonta-Club-of-Schwaebisch-Gmuend-Logo_New-Tag_Horizontal_Color-2.png","width":4738,"height":1546,"caption":"Zonta Club Schw\u00e4bisch Gm\u00fcnd e.V."},"image":{"@id":"https:\/\/zonta-schwaebisch-gmuend.de\/#\/schema\/logo\/image\/"},"sameAs":["https:\/\/www.instagram.com\/zontaschwaebischgmuend\/"]},{"@type":"Person","@id":"https:\/\/zonta-schwaebisch-gmuend.de\/#\/schema\/person\/df9e2767c1e8e3e8466de6226364e48b","name":"Claudia Langenbacher","image":{"@type":"ImageObject","inLanguage":"de","@id":"https:\/\/secure.gravatar.com\/avatar\/dc118795df76bc49ba198fba6c16b5db3793711a29782b55e0636072dc202cd6?s=96&d=mm&r=g","url":"https:\/\/secure.gravatar.com\/avatar\/dc118795df76bc49ba198fba6c16b5db3793711a29782b55e0636072dc202cd6?s=96&d=mm&r=g","contentUrl":"https:\/\/secure.gravatar.com\/avatar\/dc118795df76bc49ba198fba6c16b5db3793711a29782b55e0636072dc202cd6?s=96&d=mm&r=g","caption":"Claudia Langenbacher"},"url":"https:\/\/zonta-schwaebisch-gmuend.de\/index.php\/author\/clangenbacher\/"}]}},"_links":{"self":[{"href":"https:\/\/zonta-schwaebisch-gmuend.de\/index.php\/wp-json\/wp\/v2\/posts\/1407","targetHints":{"allow":["GET"]}}],"collection":[{"href":"https:\/\/zonta-schwaebisch-gmuend.de\/index.php\/wp-json\/wp\/v2\/posts"}],"about":[{"href":"https:\/\/zonta-schwaebisch-gmuend.de\/index.php\/wp-json\/wp\/v2\/types\/post"}],"author":[{"embeddable":true,"href":"https:\/\/zonta-schwaebisch-gmuend.de\/index.php\/wp-json\/wp\/v2\/users\/2"}],"replies":[{"embeddable":true,"href":"https:\/\/zonta-schwaebisch-gmuend.de\/index.php\/wp-json\/wp\/v2\/comments?post=1407"}],"version-history":[{"count":3,"href":"https:\/\/zonta-schwaebisch-gmuend.de\/index.php\/wp-json\/wp\/v2\/posts\/1407\/revisions"}],"predecessor-version":[{"id":1417,"href":"https:\/\/zonta-schwaebisch-gmuend.de\/index.php\/wp-json\/wp\/v2\/posts\/1407\/revisions\/1417"}],"wp:attachment":[{"href":"https:\/\/zonta-schwaebisch-gmuend.de\/index.php\/wp-json\/wp\/v2\/media?parent=1407"}],"wp:term":[{"taxonomy":"category","embeddable":true,"href":"https:\/\/zonta-schwaebisch-gmuend.de\/index.php\/wp-json\/wp\/v2\/categories?post=1407"},{"taxonomy":"post_tag","embeddable":true,"href":"https:\/\/zonta-schwaebisch-gmuend.de\/index.php\/wp-json\/wp\/v2\/tags?post=1407"}],"curies":[{"name":"wp","href":"https:\/\/api.w.org\/{rel}","templated":true}]}}