{"id":1337,"date":"2024-07-01T15:20:49","date_gmt":"2024-07-01T13:20:49","guid":{"rendered":"https:\/\/zonta-schwaebisch-gmuend.de\/?p=1337"},"modified":"2024-07-01T15:20:49","modified_gmt":"2024-07-01T13:20:49","slug":"gastreferent-thorsten-vaas-bei-unserem-meeting-am-27-06-2024","status":"publish","type":"post","link":"https:\/\/zonta-schwaebisch-gmuend.de\/index.php\/2024\/07\/01\/gastreferent-thorsten-vaas-bei-unserem-meeting-am-27-06-2024\/","title":{"rendered":"Gastreferent Thorsten Vaas bei unserem Meeting am 27.06.2024"},"content":{"rendered":"<p>Als Gastreferent besuchte Herr Thorsten Vaas \/ Redaktionsleiter der Remszeitung unser monatliches Meeting am 27.06.2024. Wir konnten hierbei Spannendes aus seinem Berufsalltag erfahren. Danach fand ein reger Gedankenaustausch \u00fcber Journalismus statt. Zum Abschluss und mit einem herzlichen Dankesch\u00f6n f\u00fcr den Besuch \u00fcberreichte Frau Dombrowski-Riegert die gelbe Zonta-Rose.<\/p>\n","protected":false},"excerpt":{"rendered":"<p>Als Gastreferent besuchte Herr Thorsten Vaas \/ Redaktionsleiter der Remszeitung<\/p>\n","protected":false},"author":2,"featured_media":1334,"comment_status":"open","ping_status":"open","sticky":false,"template":"","format":"standard","meta":{"footnotes":""},"categories":[43],"tags":[],"class_list":["post-1337","post","type-post","status-publish","format-standard","has-post-thumbnail","hentry","category-clubleben"],"yoast_head":"<!-- This site is optimized with the Yoast SEO plugin v27.2 - https:\/\/yoast.com\/product\/yoast-seo-wordpress\/ -->\n<title>Gastreferent Thorsten Vaas bei unserem Meeting am 27.06.2024 - Zonta Club Schw\u00e4bisch Gm\u00fcnd e.V.<\/title>\n<meta name=\"robots\" content=\"index, follow, max-snippet:-1, max-image-preview:large, max-video-preview:-1\" \/>\n<link rel=\"canonical\" href=\"https:\/\/zonta-schwaebisch-gmuend.de\/index.php\/2024\/07\/01\/gastreferent-thorsten-vaas-bei-unserem-meeting-am-27-06-2024\/\" \/>\n<meta property=\"og:locale\" content=\"de_DE\" \/>\n<meta property=\"og:type\" content=\"article\" \/>\n<meta property=\"og:title\" content=\"Gastreferent Thorsten Vaas bei unserem Meeting am 27.06.2024 - Zonta Club Schw\u00e4bisch Gm\u00fcnd e.V.\" \/>\n<meta property=\"og:description\" content=\"Als Gastreferent besuchte Herr Thorsten Vaas \/ Redaktionsleiter der Remszeitung\" \/>\n<meta property=\"og:url\" content=\"https:\/\/zonta-schwaebisch-gmuend.de\/index.php\/2024\/07\/01\/gastreferent-thorsten-vaas-bei-unserem-meeting-am-27-06-2024\/\" \/>\n<meta property=\"og:site_name\" content=\"Zonta Club Schw\u00e4bisch Gm\u00fcnd e.V.\" \/>\n<meta property=\"article:published_time\" content=\"2024-07-01T13:20:49+00:00\" \/>\n<meta property=\"og:image\" content=\"https:\/\/zonta-schwaebisch-gmuend.de\/wp-content\/uploads\/2024\/06\/IMG_2809-e1719663220684.jpg\" \/>\n\t<meta property=\"og:image:width\" content=\"1010\" \/>\n\t<meta property=\"og:image:height\" content=\"1525\" \/>\n\t<meta property=\"og:image:type\" content=\"image\/jpeg\" \/>\n<meta name=\"author\" content=\"Claudia Langenbacher\" \/>\n<meta name=\"twitter:card\" content=\"summary_large_image\" \/>\n<meta name=\"twitter:label1\" content=\"Geschrieben von\" \/>\n\t<meta name=\"twitter:data1\" content=\"Claudia Langenbacher\" \/>\n\t<meta name=\"twitter:label2\" content=\"Gesch\u00e4tzte Lesezeit\" \/>\n\t<meta name=\"twitter:data2\" content=\"1\u00a0Minute\" \/>\n<script type=\"application\/ld+json\" class=\"yoast-schema-graph\">{\"@context\":\"https:\/\/schema.org\",\"@graph\":[{\"@type\":\"Article\",\"@id\":\"https:\/\/zonta-schwaebisch-gmuend.de\/index.php\/2024\/07\/01\/gastreferent-thorsten-vaas-bei-unserem-meeting-am-27-06-2024\/#article\",\"isPartOf\":{\"@id\":\"https:\/\/zonta-schwaebisch-gmuend.de\/index.php\/2024\/07\/01\/gastreferent-thorsten-vaas-bei-unserem-meeting-am-27-06-2024\/\"},\"author\":{\"name\":\"Claudia Langenbacher\",\"@id\":\"https:\/\/zonta-schwaebisch-gmuend.de\/#\/schema\/person\/df9e2767c1e8e3e8466de6226364e48b\"},\"headline\":\"Gastreferent Thorsten Vaas bei unserem Meeting am 27.06.2024\",\"datePublished\":\"2024-07-01T13:20:49+00:00\",\"mainEntityOfPage\":{\"@id\":\"https:\/\/zonta-schwaebisch-gmuend.de\/index.php\/2024\/07\/01\/gastreferent-thorsten-vaas-bei-unserem-meeting-am-27-06-2024\/\"},\"wordCount\":54,\"commentCount\":0,\"publisher\":{\"@id\":\"https:\/\/zonta-schwaebisch-gmuend.de\/#organization\"},\"image\":{\"@id\":\"https:\/\/zonta-schwaebisch-gmuend.de\/index.php\/2024\/07\/01\/gastreferent-thorsten-vaas-bei-unserem-meeting-am-27-06-2024\/#primaryimage\"},\"thumbnailUrl\":\"https:\/\/zonta-schwaebisch-gmuend.de\/wp-content\/uploads\/2024\/06\/IMG_2809-e1719663220684.jpg\",\"articleSection\":[\"Clubleben\"],\"inLanguage\":\"de\",\"potentialAction\":[{\"@type\":\"CommentAction\",\"name\":\"Comment\",\"target\":[\"https:\/\/zonta-schwaebisch-gmuend.de\/index.php\/2024\/07\/01\/gastreferent-thorsten-vaas-bei-unserem-meeting-am-27-06-2024\/#respond\"]}]},{\"@type\":\"WebPage\",\"@id\":\"https:\/\/zonta-schwaebisch-gmuend.de\/index.php\/2024\/07\/01\/gastreferent-thorsten-vaas-bei-unserem-meeting-am-27-06-2024\/\",\"url\":\"https:\/\/zonta-schwaebisch-gmuend.de\/index.php\/2024\/07\/01\/gastreferent-thorsten-vaas-bei-unserem-meeting-am-27-06-2024\/\",\"name\":\"Gastreferent Thorsten Vaas bei unserem Meeting am 27.06.2024 - Zonta Club Schw\u00e4bisch Gm\u00fcnd e.V.\",\"isPartOf\":{\"@id\":\"https:\/\/zonta-schwaebisch-gmuend.de\/#website\"},\"primaryImageOfPage\":{\"@id\":\"https:\/\/zonta-schwaebisch-gmuend.de\/index.php\/2024\/07\/01\/gastreferent-thorsten-vaas-bei-unserem-meeting-am-27-06-2024\/#primaryimage\"},\"image\":{\"@id\":\"https:\/\/zonta-schwaebisch-gmuend.de\/index.php\/2024\/07\/01\/gastreferent-thorsten-vaas-bei-unserem-meeting-am-27-06-2024\/#primaryimage\"},\"thumbnailUrl\":\"https:\/\/zonta-schwaebisch-gmuend.de\/wp-content\/uploads\/2024\/06\/IMG_2809-e1719663220684.jpg\",\"datePublished\":\"2024-07-01T13:20:49+00:00\",\"breadcrumb\":{\"@id\":\"https:\/\/zonta-schwaebisch-gmuend.de\/index.php\/2024\/07\/01\/gastreferent-thorsten-vaas-bei-unserem-meeting-am-27-06-2024\/#breadcrumb\"},\"inLanguage\":\"de\",\"potentialAction\":[{\"@type\":\"ReadAction\",\"target\":[\"https:\/\/zonta-schwaebisch-gmuend.de\/index.php\/2024\/07\/01\/gastreferent-thorsten-vaas-bei-unserem-meeting-am-27-06-2024\/\"]}]},{\"@type\":\"ImageObject\",\"inLanguage\":\"de\",\"@id\":\"https:\/\/zonta-schwaebisch-gmuend.de\/index.php\/2024\/07\/01\/gastreferent-thorsten-vaas-bei-unserem-meeting-am-27-06-2024\/#primaryimage\",\"url\":\"https:\/\/zonta-schwaebisch-gmuend.de\/wp-content\/uploads\/2024\/06\/IMG_2809-e1719663220684.jpg\",\"contentUrl\":\"https:\/\/zonta-schwaebisch-gmuend.de\/wp-content\/uploads\/2024\/06\/IMG_2809-e1719663220684.jpg\",\"width\":1010,\"height\":1525},{\"@type\":\"BreadcrumbList\",\"@id\":\"https:\/\/zonta-schwaebisch-gmuend.de\/index.php\/2024\/07\/01\/gastreferent-thorsten-vaas-bei-unserem-meeting-am-27-06-2024\/#breadcrumb\",\"itemListElement\":[{\"@type\":\"ListItem\",\"position\":1,\"name\":\"Startseite\",\"item\":\"https:\/\/zonta-schwaebisch-gmuend.de\/\"},{\"@type\":\"ListItem\",\"position\":2,\"name\":\"Gastreferent Thorsten Vaas bei unserem Meeting am 27.06.2024\"}]},{\"@type\":\"WebSite\",\"@id\":\"https:\/\/zonta-schwaebisch-gmuend.de\/#website\",\"url\":\"https:\/\/zonta-schwaebisch-gmuend.de\/\",\"name\":\"Zonta Club Schw\u00e4bisch Gm\u00fcnd e.V.\",\"description\":\"\",\"publisher\":{\"@id\":\"https:\/\/zonta-schwaebisch-gmuend.de\/#organization\"},\"potentialAction\":[{\"@type\":\"SearchAction\",\"target\":{\"@type\":\"EntryPoint\",\"urlTemplate\":\"https:\/\/zonta-schwaebisch-gmuend.de\/?s={search_term_string}\"},\"query-input\":{\"@type\":\"PropertyValueSpecification\",\"valueRequired\":true,\"valueName\":\"search_term_string\"}}],\"inLanguage\":\"de\"},{\"@type\":\"Organization\",\"@id\":\"https:\/\/zonta-schwaebisch-gmuend.de\/#organization\",\"name\":\"Zonta Club Schw\u00e4bisch Gm\u00fcnd e.V.\",\"url\":\"https:\/\/zonta-schwaebisch-gmuend.de\/\",\"logo\":{\"@type\":\"ImageObject\",\"inLanguage\":\"de\",\"@id\":\"https:\/\/zonta-schwaebisch-gmuend.de\/#\/schema\/logo\/image\/\",\"url\":\"https:\/\/zonta-schwaebisch-gmuend.de\/wp-content\/uploads\/2023\/08\/Zonta-Club-of-Schwaebisch-Gmuend-Logo_New-Tag_Horizontal_Color-2.png\",\"contentUrl\":\"https:\/\/zonta-schwaebisch-gmuend.de\/wp-content\/uploads\/2023\/08\/Zonta-Club-of-Schwaebisch-Gmuend-Logo_New-Tag_Horizontal_Color-2.png\",\"width\":4738,\"height\":1546,\"caption\":\"Zonta Club Schw\u00e4bisch Gm\u00fcnd e.V.\"},\"image\":{\"@id\":\"https:\/\/zonta-schwaebisch-gmuend.de\/#\/schema\/logo\/image\/\"},\"sameAs\":[\"https:\/\/www.instagram.com\/zontaschwaebischgmuend\/\"]},{\"@type\":\"Person\",\"@id\":\"https:\/\/zonta-schwaebisch-gmuend.de\/#\/schema\/person\/df9e2767c1e8e3e8466de6226364e48b\",\"name\":\"Claudia Langenbacher\",\"image\":{\"@type\":\"ImageObject\",\"inLanguage\":\"de\",\"@id\":\"https:\/\/secure.gravatar.com\/avatar\/dc118795df76bc49ba198fba6c16b5db3793711a29782b55e0636072dc202cd6?s=96&d=mm&r=g\",\"url\":\"https:\/\/secure.gravatar.com\/avatar\/dc118795df76bc49ba198fba6c16b5db3793711a29782b55e0636072dc202cd6?s=96&d=mm&r=g\",\"contentUrl\":\"https:\/\/secure.gravatar.com\/avatar\/dc118795df76bc49ba198fba6c16b5db3793711a29782b55e0636072dc202cd6?s=96&d=mm&r=g\",\"caption\":\"Claudia Langenbacher\"},\"url\":\"https:\/\/zonta-schwaebisch-gmuend.de\/index.php\/author\/clangenbacher\/\"}]}<\/script>\n<!-- \/ Yoast SEO plugin. -->","yoast_head_json":{"title":"Gastreferent Thorsten Vaas bei unserem Meeting am 27.06.2024 - Zonta Club Schw\u00e4bisch Gm\u00fcnd e.V.","robots":{"index":"index","follow":"follow","max-snippet":"max-snippet:-1","max-image-preview":"max-image-preview:large","max-video-preview":"max-video-preview:-1"},"canonical":"https:\/\/zonta-schwaebisch-gmuend.de\/index.php\/2024\/07\/01\/gastreferent-thorsten-vaas-bei-unserem-meeting-am-27-06-2024\/","og_locale":"de_DE","og_type":"article","og_title":"Gastreferent Thorsten Vaas bei unserem Meeting am 27.06.2024 - Zonta Club Schw\u00e4bisch Gm\u00fcnd e.V.","og_description":"Als Gastreferent besuchte Herr Thorsten Vaas \/ Redaktionsleiter der Remszeitung","og_url":"https:\/\/zonta-schwaebisch-gmuend.de\/index.php\/2024\/07\/01\/gastreferent-thorsten-vaas-bei-unserem-meeting-am-27-06-2024\/","og_site_name":"Zonta Club Schw\u00e4bisch Gm\u00fcnd e.V.","article_published_time":"2024-07-01T13:20:49+00:00","og_image":[{"width":1010,"height":1525,"url":"https:\/\/zonta-schwaebisch-gmuend.de\/wp-content\/uploads\/2024\/06\/IMG_2809-e1719663220684.jpg","type":"image\/jpeg"}],"author":"Claudia Langenbacher","twitter_card":"summary_large_image","twitter_misc":{"Geschrieben von":"Claudia Langenbacher","Gesch\u00e4tzte Lesezeit":"1\u00a0Minute"},"schema":{"@context":"https:\/\/schema.org","@graph":[{"@type":"Article","@id":"https:\/\/zonta-schwaebisch-gmuend.de\/index.php\/2024\/07\/01\/gastreferent-thorsten-vaas-bei-unserem-meeting-am-27-06-2024\/#article","isPartOf":{"@id":"https:\/\/zonta-schwaebisch-gmuend.de\/index.php\/2024\/07\/01\/gastreferent-thorsten-vaas-bei-unserem-meeting-am-27-06-2024\/"},"author":{"name":"Claudia Langenbacher","@id":"https:\/\/zonta-schwaebisch-gmuend.de\/#\/schema\/person\/df9e2767c1e8e3e8466de6226364e48b"},"headline":"Gastreferent Thorsten Vaas bei unserem Meeting am 27.06.2024","datePublished":"2024-07-01T13:20:49+00:00","mainEntityOfPage":{"@id":"https:\/\/zonta-schwaebisch-gmuend.de\/index.php\/2024\/07\/01\/gastreferent-thorsten-vaas-bei-unserem-meeting-am-27-06-2024\/"},"wordCount":54,"commentCount":0,"publisher":{"@id":"https:\/\/zonta-schwaebisch-gmuend.de\/#organization"},"image":{"@id":"https:\/\/zonta-schwaebisch-gmuend.de\/index.php\/2024\/07\/01\/gastreferent-thorsten-vaas-bei-unserem-meeting-am-27-06-2024\/#primaryimage"},"thumbnailUrl":"https:\/\/zonta-schwaebisch-gmuend.de\/wp-content\/uploads\/2024\/06\/IMG_2809-e1719663220684.jpg","articleSection":["Clubleben"],"inLanguage":"de","potentialAction":[{"@type":"CommentAction","name":"Comment","target":["https:\/\/zonta-schwaebisch-gmuend.de\/index.php\/2024\/07\/01\/gastreferent-thorsten-vaas-bei-unserem-meeting-am-27-06-2024\/#respond"]}]},{"@type":"WebPage","@id":"https:\/\/zonta-schwaebisch-gmuend.de\/index.php\/2024\/07\/01\/gastreferent-thorsten-vaas-bei-unserem-meeting-am-27-06-2024\/","url":"https:\/\/zonta-schwaebisch-gmuend.de\/index.php\/2024\/07\/01\/gastreferent-thorsten-vaas-bei-unserem-meeting-am-27-06-2024\/","name":"Gastreferent Thorsten Vaas bei unserem Meeting am 27.06.2024 - Zonta Club Schw\u00e4bisch Gm\u00fcnd e.V.","isPartOf":{"@id":"https:\/\/zonta-schwaebisch-gmuend.de\/#website"},"primaryImageOfPage":{"@id":"https:\/\/zonta-schwaebisch-gmuend.de\/index.php\/2024\/07\/01\/gastreferent-thorsten-vaas-bei-unserem-meeting-am-27-06-2024\/#primaryimage"},"image":{"@id":"https:\/\/zonta-schwaebisch-gmuend.de\/index.php\/2024\/07\/01\/gastreferent-thorsten-vaas-bei-unserem-meeting-am-27-06-2024\/#primaryimage"},"thumbnailUrl":"https:\/\/zonta-schwaebisch-gmuend.de\/wp-content\/uploads\/2024\/06\/IMG_2809-e1719663220684.jpg","datePublished":"2024-07-01T13:20:49+00:00","breadcrumb":{"@id":"https:\/\/zonta-schwaebisch-gmuend.de\/index.php\/2024\/07\/01\/gastreferent-thorsten-vaas-bei-unserem-meeting-am-27-06-2024\/#breadcrumb"},"inLanguage":"de","potentialAction":[{"@type":"ReadAction","target":["https:\/\/zonta-schwaebisch-gmuend.de\/index.php\/2024\/07\/01\/gastreferent-thorsten-vaas-bei-unserem-meeting-am-27-06-2024\/"]}]},{"@type":"ImageObject","inLanguage":"de","@id":"https:\/\/zonta-schwaebisch-gmuend.de\/index.php\/2024\/07\/01\/gastreferent-thorsten-vaas-bei-unserem-meeting-am-27-06-2024\/#primaryimage","url":"https:\/\/zonta-schwaebisch-gmuend.de\/wp-content\/uploads\/2024\/06\/IMG_2809-e1719663220684.jpg","contentUrl":"https:\/\/zonta-schwaebisch-gmuend.de\/wp-content\/uploads\/2024\/06\/IMG_2809-e1719663220684.jpg","width":1010,"height":1525},{"@type":"BreadcrumbList","@id":"https:\/\/zonta-schwaebisch-gmuend.de\/index.php\/2024\/07\/01\/gastreferent-thorsten-vaas-bei-unserem-meeting-am-27-06-2024\/#breadcrumb","itemListElement":[{"@type":"ListItem","position":1,"name":"Startseite","item":"https:\/\/zonta-schwaebisch-gmuend.de\/"},{"@type":"ListItem","position":2,"name":"Gastreferent Thorsten Vaas bei unserem Meeting am 27.06.2024"}]},{"@type":"WebSite","@id":"https:\/\/zonta-schwaebisch-gmuend.de\/#website","url":"https:\/\/zonta-schwaebisch-gmuend.de\/","name":"Zonta Club Schw\u00e4bisch Gm\u00fcnd e.V.","description":"","publisher":{"@id":"https:\/\/zonta-schwaebisch-gmuend.de\/#organization"},"potentialAction":[{"@type":"SearchAction","target":{"@type":"EntryPoint","urlTemplate":"https:\/\/zonta-schwaebisch-gmuend.de\/?s={search_term_string}"},"query-input":{"@type":"PropertyValueSpecification","valueRequired":true,"valueName":"search_term_string"}}],"inLanguage":"de"},{"@type":"Organization","@id":"https:\/\/zonta-schwaebisch-gmuend.de\/#organization","name":"Zonta Club Schw\u00e4bisch Gm\u00fcnd e.V.","url":"https:\/\/zonta-schwaebisch-gmuend.de\/","logo":{"@type":"ImageObject","inLanguage":"de","@id":"https:\/\/zonta-schwaebisch-gmuend.de\/#\/schema\/logo\/image\/","url":"https:\/\/zonta-schwaebisch-gmuend.de\/wp-content\/uploads\/2023\/08\/Zonta-Club-of-Schwaebisch-Gmuend-Logo_New-Tag_Horizontal_Color-2.png","contentUrl":"https:\/\/zonta-schwaebisch-gmuend.de\/wp-content\/uploads\/2023\/08\/Zonta-Club-of-Schwaebisch-Gmuend-Logo_New-Tag_Horizontal_Color-2.png","width":4738,"height":1546,"caption":"Zonta Club Schw\u00e4bisch Gm\u00fcnd e.V."},"image":{"@id":"https:\/\/zonta-schwaebisch-gmuend.de\/#\/schema\/logo\/image\/"},"sameAs":["https:\/\/www.instagram.com\/zontaschwaebischgmuend\/"]},{"@type":"Person","@id":"https:\/\/zonta-schwaebisch-gmuend.de\/#\/schema\/person\/df9e2767c1e8e3e8466de6226364e48b","name":"Claudia Langenbacher","image":{"@type":"ImageObject","inLanguage":"de","@id":"https:\/\/secure.gravatar.com\/avatar\/dc118795df76bc49ba198fba6c16b5db3793711a29782b55e0636072dc202cd6?s=96&d=mm&r=g","url":"https:\/\/secure.gravatar.com\/avatar\/dc118795df76bc49ba198fba6c16b5db3793711a29782b55e0636072dc202cd6?s=96&d=mm&r=g","contentUrl":"https:\/\/secure.gravatar.com\/avatar\/dc118795df76bc49ba198fba6c16b5db3793711a29782b55e0636072dc202cd6?s=96&d=mm&r=g","caption":"Claudia Langenbacher"},"url":"https:\/\/zonta-schwaebisch-gmuend.de\/index.php\/author\/clangenbacher\/"}]}},"_links":{"self":[{"href":"https:\/\/zonta-schwaebisch-gmuend.de\/index.php\/wp-json\/wp\/v2\/posts\/1337","targetHints":{"allow":["GET"]}}],"collection":[{"href":"https:\/\/zonta-schwaebisch-gmuend.de\/index.php\/wp-json\/wp\/v2\/posts"}],"about":[{"href":"https:\/\/zonta-schwaebisch-gmuend.de\/index.php\/wp-json\/wp\/v2\/types\/post"}],"author":[{"embeddable":true,"href":"https:\/\/zonta-schwaebisch-gmuend.de\/index.php\/wp-json\/wp\/v2\/users\/2"}],"replies":[{"embeddable":true,"href":"https:\/\/zonta-schwaebisch-gmuend.de\/index.php\/wp-json\/wp\/v2\/comments?post=1337"}],"version-history":[{"count":1,"href":"https:\/\/zonta-schwaebisch-gmuend.de\/index.php\/wp-json\/wp\/v2\/posts\/1337\/revisions"}],"predecessor-version":[{"id":1338,"href":"https:\/\/zonta-schwaebisch-gmuend.de\/index.php\/wp-json\/wp\/v2\/posts\/1337\/revisions\/1338"}],"wp:featuredmedia":[{"embeddable":true,"href":"https:\/\/zonta-schwaebisch-gmuend.de\/index.php\/wp-json\/wp\/v2\/media\/1334"}],"wp:attachment":[{"href":"https:\/\/zonta-schwaebisch-gmuend.de\/index.php\/wp-json\/wp\/v2\/media?parent=1337"}],"wp:term":[{"taxonomy":"category","embeddable":true,"href":"https:\/\/zonta-schwaebisch-gmuend.de\/index.php\/wp-json\/wp\/v2\/categories?post=1337"},{"taxonomy":"post_tag","embeddable":true,"href":"https:\/\/zonta-schwaebisch-gmuend.de\/index.php\/wp-json\/wp\/v2\/tags?post=1337"}],"curies":[{"name":"wp","href":"https:\/\/api.w.org\/{rel}","templated":true}]}}