{"id":1201,"date":"2024-02-17T11:07:07","date_gmt":"2024-02-17T10:07:07","guid":{"rendered":"https:\/\/zonta-schwaebisch-gmuend.de\/?p=1201"},"modified":"2024-03-03T11:07:26","modified_gmt":"2024-03-03T10:07:26","slug":"einladung-des-gmuender-kunstvereins-in-die-galerie-ins-kornhaus","status":"publish","type":"post","link":"https:\/\/zonta-schwaebisch-gmuend.de\/index.php\/2024\/02\/17\/einladung-des-gmuender-kunstvereins-in-die-galerie-ins-kornhaus\/","title":{"rendered":"Einladung des Gm\u00fcnder Kunstvereins in die Galerie ins Kornhaus"},"content":{"rendered":"<p>Am 17.02.2024 durften wir der Einladung des Gm\u00fcnder Kunstvereins in die Galerie ins Kornhaus folgen. Die Vorsitzende des Kunstvereins, Frau Lila Kurz-Ottenw\u00e4lder, f\u00fchrte uns in die ergreifende Kunst der drei Frauen Bettina Sellmann, Julia Jansen und Julia Mantel ein. Das war ein sehr interessanter Vormittag und wir bedanken uns bei Frau Lila Kurz-Ottenw\u00e4lder<\/p>\n","protected":false},"excerpt":{"rendered":"<p>Am 17.02.2024 durften wir der Einladung des Gm\u00fcnder Kunstvereins in<\/p>\n","protected":false},"author":1,"featured_media":1163,"comment_status":"open","ping_status":"open","sticky":false,"template":"","format":"standard","meta":{"footnotes":""},"categories":[43],"tags":[],"class_list":["post-1201","post","type-post","status-publish","format-standard","has-post-thumbnail","hentry","category-clubleben"],"yoast_head":"<!-- This site is optimized with the Yoast SEO plugin v27.2 - https:\/\/yoast.com\/product\/yoast-seo-wordpress\/ -->\n<title>Einladung des Gm\u00fcnder Kunstvereins in die Galerie ins Kornhaus - Zonta Club Schw\u00e4bisch Gm\u00fcnd e.V.<\/title>\n<meta name=\"robots\" content=\"index, follow, max-snippet:-1, max-image-preview:large, max-video-preview:-1\" \/>\n<link rel=\"canonical\" href=\"https:\/\/zonta-schwaebisch-gmuend.de\/index.php\/2024\/02\/17\/einladung-des-gmuender-kunstvereins-in-die-galerie-ins-kornhaus\/\" \/>\n<meta property=\"og:locale\" content=\"de_DE\" \/>\n<meta property=\"og:type\" content=\"article\" \/>\n<meta property=\"og:title\" content=\"Einladung des Gm\u00fcnder Kunstvereins in die Galerie ins Kornhaus - Zonta Club Schw\u00e4bisch Gm\u00fcnd e.V.\" \/>\n<meta property=\"og:description\" content=\"Am 17.02.2024 durften wir der Einladung des Gm\u00fcnder Kunstvereins in\" \/>\n<meta property=\"og:url\" content=\"https:\/\/zonta-schwaebisch-gmuend.de\/index.php\/2024\/02\/17\/einladung-des-gmuender-kunstvereins-in-die-galerie-ins-kornhaus\/\" \/>\n<meta property=\"og:site_name\" content=\"Zonta Club Schw\u00e4bisch Gm\u00fcnd e.V.\" \/>\n<meta property=\"article:published_time\" content=\"2024-02-17T10:07:07+00:00\" \/>\n<meta property=\"article:modified_time\" content=\"2024-03-03T10:07:26+00:00\" \/>\n<meta property=\"og:image\" content=\"https:\/\/zonta-schwaebisch-gmuend.de\/wp-content\/uploads\/2024\/02\/7ecc1ab0-91ee-4ae5-a042-ebe8f69c5beb.jpg\" \/>\n\t<meta property=\"og:image:width\" content=\"960\" \/>\n\t<meta property=\"og:image:height\" content=\"1280\" \/>\n\t<meta property=\"og:image:type\" content=\"image\/jpeg\" \/>\n<meta name=\"author\" content=\"admin_zontaclub\" \/>\n<meta name=\"twitter:card\" content=\"summary_large_image\" \/>\n<meta name=\"twitter:label1\" content=\"Geschrieben von\" \/>\n\t<meta name=\"twitter:data1\" content=\"admin_zontaclub\" \/>\n<script type=\"application\/ld+json\" class=\"yoast-schema-graph\">{\"@context\":\"https:\/\/schema.org\",\"@graph\":[{\"@type\":\"Article\",\"@id\":\"https:\/\/zonta-schwaebisch-gmuend.de\/index.php\/2024\/02\/17\/einladung-des-gmuender-kunstvereins-in-die-galerie-ins-kornhaus\/#article\",\"isPartOf\":{\"@id\":\"https:\/\/zonta-schwaebisch-gmuend.de\/index.php\/2024\/02\/17\/einladung-des-gmuender-kunstvereins-in-die-galerie-ins-kornhaus\/\"},\"author\":{\"name\":\"admin_zontaclub\",\"@id\":\"https:\/\/zonta-schwaebisch-gmuend.de\/#\/schema\/person\/0542c032b83c6bdc6691e7bc62b2f9d0\"},\"headline\":\"Einladung des Gm\u00fcnder Kunstvereins in die Galerie ins Kornhaus\",\"datePublished\":\"2024-02-17T10:07:07+00:00\",\"dateModified\":\"2024-03-03T10:07:26+00:00\",\"mainEntityOfPage\":{\"@id\":\"https:\/\/zonta-schwaebisch-gmuend.de\/index.php\/2024\/02\/17\/einladung-des-gmuender-kunstvereins-in-die-galerie-ins-kornhaus\/\"},\"wordCount\":66,\"commentCount\":0,\"publisher\":{\"@id\":\"https:\/\/zonta-schwaebisch-gmuend.de\/#organization\"},\"image\":{\"@id\":\"https:\/\/zonta-schwaebisch-gmuend.de\/index.php\/2024\/02\/17\/einladung-des-gmuender-kunstvereins-in-die-galerie-ins-kornhaus\/#primaryimage\"},\"thumbnailUrl\":\"https:\/\/zonta-schwaebisch-gmuend.de\/wp-content\/uploads\/2024\/02\/7ecc1ab0-91ee-4ae5-a042-ebe8f69c5beb.jpg\",\"articleSection\":[\"Clubleben\"],\"inLanguage\":\"de\",\"potentialAction\":[{\"@type\":\"CommentAction\",\"name\":\"Comment\",\"target\":[\"https:\/\/zonta-schwaebisch-gmuend.de\/index.php\/2024\/02\/17\/einladung-des-gmuender-kunstvereins-in-die-galerie-ins-kornhaus\/#respond\"]}]},{\"@type\":\"WebPage\",\"@id\":\"https:\/\/zonta-schwaebisch-gmuend.de\/index.php\/2024\/02\/17\/einladung-des-gmuender-kunstvereins-in-die-galerie-ins-kornhaus\/\",\"url\":\"https:\/\/zonta-schwaebisch-gmuend.de\/index.php\/2024\/02\/17\/einladung-des-gmuender-kunstvereins-in-die-galerie-ins-kornhaus\/\",\"name\":\"Einladung des Gm\u00fcnder Kunstvereins in die Galerie ins Kornhaus - Zonta Club Schw\u00e4bisch Gm\u00fcnd e.V.\",\"isPartOf\":{\"@id\":\"https:\/\/zonta-schwaebisch-gmuend.de\/#website\"},\"primaryImageOfPage\":{\"@id\":\"https:\/\/zonta-schwaebisch-gmuend.de\/index.php\/2024\/02\/17\/einladung-des-gmuender-kunstvereins-in-die-galerie-ins-kornhaus\/#primaryimage\"},\"image\":{\"@id\":\"https:\/\/zonta-schwaebisch-gmuend.de\/index.php\/2024\/02\/17\/einladung-des-gmuender-kunstvereins-in-die-galerie-ins-kornhaus\/#primaryimage\"},\"thumbnailUrl\":\"https:\/\/zonta-schwaebisch-gmuend.de\/wp-content\/uploads\/2024\/02\/7ecc1ab0-91ee-4ae5-a042-ebe8f69c5beb.jpg\",\"datePublished\":\"2024-02-17T10:07:07+00:00\",\"dateModified\":\"2024-03-03T10:07:26+00:00\",\"breadcrumb\":{\"@id\":\"https:\/\/zonta-schwaebisch-gmuend.de\/index.php\/2024\/02\/17\/einladung-des-gmuender-kunstvereins-in-die-galerie-ins-kornhaus\/#breadcrumb\"},\"inLanguage\":\"de\",\"potentialAction\":[{\"@type\":\"ReadAction\",\"target\":[\"https:\/\/zonta-schwaebisch-gmuend.de\/index.php\/2024\/02\/17\/einladung-des-gmuender-kunstvereins-in-die-galerie-ins-kornhaus\/\"]}]},{\"@type\":\"ImageObject\",\"inLanguage\":\"de\",\"@id\":\"https:\/\/zonta-schwaebisch-gmuend.de\/index.php\/2024\/02\/17\/einladung-des-gmuender-kunstvereins-in-die-galerie-ins-kornhaus\/#primaryimage\",\"url\":\"https:\/\/zonta-schwaebisch-gmuend.de\/wp-content\/uploads\/2024\/02\/7ecc1ab0-91ee-4ae5-a042-ebe8f69c5beb.jpg\",\"contentUrl\":\"https:\/\/zonta-schwaebisch-gmuend.de\/wp-content\/uploads\/2024\/02\/7ecc1ab0-91ee-4ae5-a042-ebe8f69c5beb.jpg\",\"width\":960,\"height\":1280,\"caption\":\"Einladung des Gm\u00fcnder Kunstvereins in die Galerie des Kornhaus\"},{\"@type\":\"BreadcrumbList\",\"@id\":\"https:\/\/zonta-schwaebisch-gmuend.de\/index.php\/2024\/02\/17\/einladung-des-gmuender-kunstvereins-in-die-galerie-ins-kornhaus\/#breadcrumb\",\"itemListElement\":[{\"@type\":\"ListItem\",\"position\":1,\"name\":\"Startseite\",\"item\":\"https:\/\/zonta-schwaebisch-gmuend.de\/\"},{\"@type\":\"ListItem\",\"position\":2,\"name\":\"Einladung des Gm\u00fcnder Kunstvereins in die Galerie ins Kornhaus\"}]},{\"@type\":\"WebSite\",\"@id\":\"https:\/\/zonta-schwaebisch-gmuend.de\/#website\",\"url\":\"https:\/\/zonta-schwaebisch-gmuend.de\/\",\"name\":\"Zonta Club Schw\u00e4bisch Gm\u00fcnd e.V.\",\"description\":\"\",\"publisher\":{\"@id\":\"https:\/\/zonta-schwaebisch-gmuend.de\/#organization\"},\"potentialAction\":[{\"@type\":\"SearchAction\",\"target\":{\"@type\":\"EntryPoint\",\"urlTemplate\":\"https:\/\/zonta-schwaebisch-gmuend.de\/?s={search_term_string}\"},\"query-input\":{\"@type\":\"PropertyValueSpecification\",\"valueRequired\":true,\"valueName\":\"search_term_string\"}}],\"inLanguage\":\"de\"},{\"@type\":\"Organization\",\"@id\":\"https:\/\/zonta-schwaebisch-gmuend.de\/#organization\",\"name\":\"Zonta Club Schw\u00e4bisch Gm\u00fcnd e.V.\",\"url\":\"https:\/\/zonta-schwaebisch-gmuend.de\/\",\"logo\":{\"@type\":\"ImageObject\",\"inLanguage\":\"de\",\"@id\":\"https:\/\/zonta-schwaebisch-gmuend.de\/#\/schema\/logo\/image\/\",\"url\":\"https:\/\/zonta-schwaebisch-gmuend.de\/wp-content\/uploads\/2023\/08\/Zonta-Club-of-Schwaebisch-Gmuend-Logo_New-Tag_Horizontal_Color-2.png\",\"contentUrl\":\"https:\/\/zonta-schwaebisch-gmuend.de\/wp-content\/uploads\/2023\/08\/Zonta-Club-of-Schwaebisch-Gmuend-Logo_New-Tag_Horizontal_Color-2.png\",\"width\":4738,\"height\":1546,\"caption\":\"Zonta Club Schw\u00e4bisch Gm\u00fcnd e.V.\"},\"image\":{\"@id\":\"https:\/\/zonta-schwaebisch-gmuend.de\/#\/schema\/logo\/image\/\"},\"sameAs\":[\"https:\/\/www.instagram.com\/zontaschwaebischgmuend\/\"]},{\"@type\":\"Person\",\"@id\":\"https:\/\/zonta-schwaebisch-gmuend.de\/#\/schema\/person\/0542c032b83c6bdc6691e7bc62b2f9d0\",\"name\":\"admin_zontaclub\",\"image\":{\"@type\":\"ImageObject\",\"inLanguage\":\"de\",\"@id\":\"https:\/\/secure.gravatar.com\/avatar\/5ffd943222351ffe69463162abefd420742973fb1ead1a17b49317c141ecf4cc?s=96&d=mm&r=g\",\"url\":\"https:\/\/secure.gravatar.com\/avatar\/5ffd943222351ffe69463162abefd420742973fb1ead1a17b49317c141ecf4cc?s=96&d=mm&r=g\",\"contentUrl\":\"https:\/\/secure.gravatar.com\/avatar\/5ffd943222351ffe69463162abefd420742973fb1ead1a17b49317c141ecf4cc?s=96&d=mm&r=g\",\"caption\":\"admin_zontaclub\"},\"sameAs\":[\"https:\/\/app.on25space.com\/manager\/workspace\/20230716195604\"],\"url\":\"https:\/\/zonta-schwaebisch-gmuend.de\/index.php\/author\/admin_zontaclub\/\"}]}<\/script>\n<!-- \/ Yoast SEO plugin. -->","yoast_head_json":{"title":"Einladung des Gm\u00fcnder Kunstvereins in die Galerie ins Kornhaus - Zonta Club Schw\u00e4bisch Gm\u00fcnd e.V.","robots":{"index":"index","follow":"follow","max-snippet":"max-snippet:-1","max-image-preview":"max-image-preview:large","max-video-preview":"max-video-preview:-1"},"canonical":"https:\/\/zonta-schwaebisch-gmuend.de\/index.php\/2024\/02\/17\/einladung-des-gmuender-kunstvereins-in-die-galerie-ins-kornhaus\/","og_locale":"de_DE","og_type":"article","og_title":"Einladung des Gm\u00fcnder Kunstvereins in die Galerie ins Kornhaus - Zonta Club Schw\u00e4bisch Gm\u00fcnd e.V.","og_description":"Am 17.02.2024 durften wir der Einladung des Gm\u00fcnder Kunstvereins in","og_url":"https:\/\/zonta-schwaebisch-gmuend.de\/index.php\/2024\/02\/17\/einladung-des-gmuender-kunstvereins-in-die-galerie-ins-kornhaus\/","og_site_name":"Zonta Club Schw\u00e4bisch Gm\u00fcnd e.V.","article_published_time":"2024-02-17T10:07:07+00:00","article_modified_time":"2024-03-03T10:07:26+00:00","og_image":[{"width":960,"height":1280,"url":"https:\/\/zonta-schwaebisch-gmuend.de\/wp-content\/uploads\/2024\/02\/7ecc1ab0-91ee-4ae5-a042-ebe8f69c5beb.jpg","type":"image\/jpeg"}],"author":"admin_zontaclub","twitter_card":"summary_large_image","twitter_misc":{"Geschrieben von":"admin_zontaclub"},"schema":{"@context":"https:\/\/schema.org","@graph":[{"@type":"Article","@id":"https:\/\/zonta-schwaebisch-gmuend.de\/index.php\/2024\/02\/17\/einladung-des-gmuender-kunstvereins-in-die-galerie-ins-kornhaus\/#article","isPartOf":{"@id":"https:\/\/zonta-schwaebisch-gmuend.de\/index.php\/2024\/02\/17\/einladung-des-gmuender-kunstvereins-in-die-galerie-ins-kornhaus\/"},"author":{"name":"admin_zontaclub","@id":"https:\/\/zonta-schwaebisch-gmuend.de\/#\/schema\/person\/0542c032b83c6bdc6691e7bc62b2f9d0"},"headline":"Einladung des Gm\u00fcnder Kunstvereins in die Galerie ins Kornhaus","datePublished":"2024-02-17T10:07:07+00:00","dateModified":"2024-03-03T10:07:26+00:00","mainEntityOfPage":{"@id":"https:\/\/zonta-schwaebisch-gmuend.de\/index.php\/2024\/02\/17\/einladung-des-gmuender-kunstvereins-in-die-galerie-ins-kornhaus\/"},"wordCount":66,"commentCount":0,"publisher":{"@id":"https:\/\/zonta-schwaebisch-gmuend.de\/#organization"},"image":{"@id":"https:\/\/zonta-schwaebisch-gmuend.de\/index.php\/2024\/02\/17\/einladung-des-gmuender-kunstvereins-in-die-galerie-ins-kornhaus\/#primaryimage"},"thumbnailUrl":"https:\/\/zonta-schwaebisch-gmuend.de\/wp-content\/uploads\/2024\/02\/7ecc1ab0-91ee-4ae5-a042-ebe8f69c5beb.jpg","articleSection":["Clubleben"],"inLanguage":"de","potentialAction":[{"@type":"CommentAction","name":"Comment","target":["https:\/\/zonta-schwaebisch-gmuend.de\/index.php\/2024\/02\/17\/einladung-des-gmuender-kunstvereins-in-die-galerie-ins-kornhaus\/#respond"]}]},{"@type":"WebPage","@id":"https:\/\/zonta-schwaebisch-gmuend.de\/index.php\/2024\/02\/17\/einladung-des-gmuender-kunstvereins-in-die-galerie-ins-kornhaus\/","url":"https:\/\/zonta-schwaebisch-gmuend.de\/index.php\/2024\/02\/17\/einladung-des-gmuender-kunstvereins-in-die-galerie-ins-kornhaus\/","name":"Einladung des Gm\u00fcnder Kunstvereins in die Galerie ins Kornhaus - Zonta Club Schw\u00e4bisch Gm\u00fcnd e.V.","isPartOf":{"@id":"https:\/\/zonta-schwaebisch-gmuend.de\/#website"},"primaryImageOfPage":{"@id":"https:\/\/zonta-schwaebisch-gmuend.de\/index.php\/2024\/02\/17\/einladung-des-gmuender-kunstvereins-in-die-galerie-ins-kornhaus\/#primaryimage"},"image":{"@id":"https:\/\/zonta-schwaebisch-gmuend.de\/index.php\/2024\/02\/17\/einladung-des-gmuender-kunstvereins-in-die-galerie-ins-kornhaus\/#primaryimage"},"thumbnailUrl":"https:\/\/zonta-schwaebisch-gmuend.de\/wp-content\/uploads\/2024\/02\/7ecc1ab0-91ee-4ae5-a042-ebe8f69c5beb.jpg","datePublished":"2024-02-17T10:07:07+00:00","dateModified":"2024-03-03T10:07:26+00:00","breadcrumb":{"@id":"https:\/\/zonta-schwaebisch-gmuend.de\/index.php\/2024\/02\/17\/einladung-des-gmuender-kunstvereins-in-die-galerie-ins-kornhaus\/#breadcrumb"},"inLanguage":"de","potentialAction":[{"@type":"ReadAction","target":["https:\/\/zonta-schwaebisch-gmuend.de\/index.php\/2024\/02\/17\/einladung-des-gmuender-kunstvereins-in-die-galerie-ins-kornhaus\/"]}]},{"@type":"ImageObject","inLanguage":"de","@id":"https:\/\/zonta-schwaebisch-gmuend.de\/index.php\/2024\/02\/17\/einladung-des-gmuender-kunstvereins-in-die-galerie-ins-kornhaus\/#primaryimage","url":"https:\/\/zonta-schwaebisch-gmuend.de\/wp-content\/uploads\/2024\/02\/7ecc1ab0-91ee-4ae5-a042-ebe8f69c5beb.jpg","contentUrl":"https:\/\/zonta-schwaebisch-gmuend.de\/wp-content\/uploads\/2024\/02\/7ecc1ab0-91ee-4ae5-a042-ebe8f69c5beb.jpg","width":960,"height":1280,"caption":"Einladung des Gm\u00fcnder Kunstvereins in die Galerie des Kornhaus"},{"@type":"BreadcrumbList","@id":"https:\/\/zonta-schwaebisch-gmuend.de\/index.php\/2024\/02\/17\/einladung-des-gmuender-kunstvereins-in-die-galerie-ins-kornhaus\/#breadcrumb","itemListElement":[{"@type":"ListItem","position":1,"name":"Startseite","item":"https:\/\/zonta-schwaebisch-gmuend.de\/"},{"@type":"ListItem","position":2,"name":"Einladung des Gm\u00fcnder Kunstvereins in die Galerie ins Kornhaus"}]},{"@type":"WebSite","@id":"https:\/\/zonta-schwaebisch-gmuend.de\/#website","url":"https:\/\/zonta-schwaebisch-gmuend.de\/","name":"Zonta Club Schw\u00e4bisch Gm\u00fcnd e.V.","description":"","publisher":{"@id":"https:\/\/zonta-schwaebisch-gmuend.de\/#organization"},"potentialAction":[{"@type":"SearchAction","target":{"@type":"EntryPoint","urlTemplate":"https:\/\/zonta-schwaebisch-gmuend.de\/?s={search_term_string}"},"query-input":{"@type":"PropertyValueSpecification","valueRequired":true,"valueName":"search_term_string"}}],"inLanguage":"de"},{"@type":"Organization","@id":"https:\/\/zonta-schwaebisch-gmuend.de\/#organization","name":"Zonta Club Schw\u00e4bisch Gm\u00fcnd e.V.","url":"https:\/\/zonta-schwaebisch-gmuend.de\/","logo":{"@type":"ImageObject","inLanguage":"de","@id":"https:\/\/zonta-schwaebisch-gmuend.de\/#\/schema\/logo\/image\/","url":"https:\/\/zonta-schwaebisch-gmuend.de\/wp-content\/uploads\/2023\/08\/Zonta-Club-of-Schwaebisch-Gmuend-Logo_New-Tag_Horizontal_Color-2.png","contentUrl":"https:\/\/zonta-schwaebisch-gmuend.de\/wp-content\/uploads\/2023\/08\/Zonta-Club-of-Schwaebisch-Gmuend-Logo_New-Tag_Horizontal_Color-2.png","width":4738,"height":1546,"caption":"Zonta Club Schw\u00e4bisch Gm\u00fcnd e.V."},"image":{"@id":"https:\/\/zonta-schwaebisch-gmuend.de\/#\/schema\/logo\/image\/"},"sameAs":["https:\/\/www.instagram.com\/zontaschwaebischgmuend\/"]},{"@type":"Person","@id":"https:\/\/zonta-schwaebisch-gmuend.de\/#\/schema\/person\/0542c032b83c6bdc6691e7bc62b2f9d0","name":"admin_zontaclub","image":{"@type":"ImageObject","inLanguage":"de","@id":"https:\/\/secure.gravatar.com\/avatar\/5ffd943222351ffe69463162abefd420742973fb1ead1a17b49317c141ecf4cc?s=96&d=mm&r=g","url":"https:\/\/secure.gravatar.com\/avatar\/5ffd943222351ffe69463162abefd420742973fb1ead1a17b49317c141ecf4cc?s=96&d=mm&r=g","contentUrl":"https:\/\/secure.gravatar.com\/avatar\/5ffd943222351ffe69463162abefd420742973fb1ead1a17b49317c141ecf4cc?s=96&d=mm&r=g","caption":"admin_zontaclub"},"sameAs":["https:\/\/app.on25space.com\/manager\/workspace\/20230716195604"],"url":"https:\/\/zonta-schwaebisch-gmuend.de\/index.php\/author\/admin_zontaclub\/"}]}},"_links":{"self":[{"href":"https:\/\/zonta-schwaebisch-gmuend.de\/index.php\/wp-json\/wp\/v2\/posts\/1201","targetHints":{"allow":["GET"]}}],"collection":[{"href":"https:\/\/zonta-schwaebisch-gmuend.de\/index.php\/wp-json\/wp\/v2\/posts"}],"about":[{"href":"https:\/\/zonta-schwaebisch-gmuend.de\/index.php\/wp-json\/wp\/v2\/types\/post"}],"author":[{"embeddable":true,"href":"https:\/\/zonta-schwaebisch-gmuend.de\/index.php\/wp-json\/wp\/v2\/users\/1"}],"replies":[{"embeddable":true,"href":"https:\/\/zonta-schwaebisch-gmuend.de\/index.php\/wp-json\/wp\/v2\/comments?post=1201"}],"version-history":[{"count":1,"href":"https:\/\/zonta-schwaebisch-gmuend.de\/index.php\/wp-json\/wp\/v2\/posts\/1201\/revisions"}],"predecessor-version":[{"id":1202,"href":"https:\/\/zonta-schwaebisch-gmuend.de\/index.php\/wp-json\/wp\/v2\/posts\/1201\/revisions\/1202"}],"wp:featuredmedia":[{"embeddable":true,"href":"https:\/\/zonta-schwaebisch-gmuend.de\/index.php\/wp-json\/wp\/v2\/media\/1163"}],"wp:attachment":[{"href":"https:\/\/zonta-schwaebisch-gmuend.de\/index.php\/wp-json\/wp\/v2\/media?parent=1201"}],"wp:term":[{"taxonomy":"category","embeddable":true,"href":"https:\/\/zonta-schwaebisch-gmuend.de\/index.php\/wp-json\/wp\/v2\/categories?post=1201"},{"taxonomy":"post_tag","embeddable":true,"href":"https:\/\/zonta-schwaebisch-gmuend.de\/index.php\/wp-json\/wp\/v2\/tags?post=1201"}],"curies":[{"name":"wp","href":"https:\/\/api.w.org\/{rel}","templated":true}]}}